{"id":1353,"date":"2025-07-04T22:52:56","date_gmt":"2025-07-04T20:52:56","guid":{"rendered":"https:\/\/sitetab3.ac-reims.fr\/ec-sault\/-wp-\/?p=1353"},"modified":"2025-07-03T21:02:05","modified_gmt":"2025-07-03T19:02:05","slug":"vacances-scolaires-2","status":"publish","type":"post","link":"https:\/\/sitetab3.ac-reims.fr\/ec-sault\/-wp-\/vacances-scolaires-2\/","title":{"rendered":"Vacances scolaires"},"content":{"rendered":"<div class=\"wp-block-image\">\n<figure class=\"aligncenter size-large\"><img loading=\"lazy\" decoding=\"async\" width=\"1024\" height=\"341\" src=\"https:\/\/sitetab3.ac-reims.fr\/ec-sault\/-wp-\/wp-content\/uploads\/2025\/07\/Design-1024x341.png\" alt=\"\" class=\"wp-image-1354\" srcset=\"https:\/\/sitetab3.ac-reims.fr\/ec-sault\/-wp-\/wp-content\/uploads\/2025\/07\/Design-1024x341.png 1024w, https:\/\/sitetab3.ac-reims.fr\/ec-sault\/-wp-\/wp-content\/uploads\/2025\/07\/Design-300x100.png 300w, https:\/\/sitetab3.ac-reims.fr\/ec-sault\/-wp-\/wp-content\/uploads\/2025\/07\/Design-768x256.png 768w, https:\/\/sitetab3.ac-reims.fr\/ec-sault\/-wp-\/wp-content\/uploads\/2025\/07\/Design-1536x512.png 1536w, https:\/\/sitetab3.ac-reims.fr\/ec-sault\/-wp-\/wp-content\/uploads\/2025\/07\/Design-2048x683.png 2048w\" sizes=\"(max-width: 1024px) 100vw, 1024px\" \/><\/figure><\/div>\n\n\n<p class=\"has-text-align-center\">Au jour d&rsquo;aujourd&rsquo;hui, les classes pr\u00e9vues \u00e0 la rentr\u00e9e sont les suivantes:<\/p>\n\n\n\n<p class=\"has-text-align-center\">Petite Section<\/p>\n\n\n\n<p class=\"has-text-align-center\">Moyenne Section\/Grande section<\/p>\n\n\n\n<p class=\"has-text-align-center\">Grande section\/ CP<\/p>\n\n\n\n<p class=\"has-text-align-center\">CP<\/p>\n\n\n\n<p class=\"has-text-align-center\">CE1\/CE2<\/p>\n\n\n\n<p class=\"has-text-align-center\">CE1\/CE2<\/p>\n\n\n\n<p class=\"has-text-align-center\">CM1\/CM2<\/p>\n\n\n\n<p class=\"has-text-align-center\">CM1\/CM2<\/p>\n\n\n\n<p class=\"has-text-align-center\">Les classes et les r\u00e9partitions peuvent changer jusqu&rsquo;au jour de la rentr\u00e9e.<\/p>\n\n\n\n<p class=\"has-text-align-center\">Il n&rsquo;y aura donc aucune information suppl\u00e9mentaire donn\u00e9e avant le 1er septembre.<\/p>\n\n\n\n<p class=\"has-text-align-center\">Les demandes \u00e9ventuelles concernant le choix de l&rsquo;enseignant, des camarades ou de la classe ne seront pas prises en compte.<\/p>\n\n\n\n<p class=\"has-text-align-center\"><strong>Merci de faire confiance \u00e0 l&rsquo;\u00e9quipe p\u00e9dagogique et dans nos choix.<\/strong><\/p>\n","protected":false},"excerpt":{"rendered":"<p>Au jour d&rsquo;aujourd&rsquo;hui, les classes pr\u00e9vues \u00e0 la rentr\u00e9e sont les suivantes: Petite Section Moyenne Section\/Grande section Grande section\/ CP CP CE1\/CE2 CE1\/CE2 CM1\/CM2 CM1\/CM2 Les classes et les r\u00e9partitions peuvent changer jusqu&rsquo;au jour de la rentr\u00e9e. Il n&rsquo;y aura donc aucune information suppl\u00e9mentaire donn\u00e9e avant le 1er septembre. Les demandes \u00e9ventuelles concernant le choix [&hellip;]<\/p>\n","protected":false},"author":13,"featured_media":0,"comment_status":"open","ping_status":"open","sticky":true,"template":"","format":"standard","meta":{"ngg_post_thumbnail":0,"footnotes":""},"categories":[1],"tags":[],"_links":{"self":[{"href":"https:\/\/sitetab3.ac-reims.fr\/ec-sault\/-wp-\/wp-json\/wp\/v2\/posts\/1353"}],"collection":[{"href":"https:\/\/sitetab3.ac-reims.fr\/ec-sault\/-wp-\/wp-json\/wp\/v2\/posts"}],"about":[{"href":"https:\/\/sitetab3.ac-reims.fr\/ec-sault\/-wp-\/wp-json\/wp\/v2\/types\/post"}],"author":[{"embeddable":true,"href":"https:\/\/sitetab3.ac-reims.fr\/ec-sault\/-wp-\/wp-json\/wp\/v2\/users\/13"}],"replies":[{"embeddable":true,"href":"https:\/\/sitetab3.ac-reims.fr\/ec-sault\/-wp-\/wp-json\/wp\/v2\/comments?post=1353"}],"version-history":[{"count":6,"href":"https:\/\/sitetab3.ac-reims.fr\/ec-sault\/-wp-\/wp-json\/wp\/v2\/posts\/1353\/revisions"}],"predecessor-version":[{"id":1365,"href":"https:\/\/sitetab3.ac-reims.fr\/ec-sault\/-wp-\/wp-json\/wp\/v2\/posts\/1353\/revisions\/1365"}],"wp:attachment":[{"href":"https:\/\/sitetab3.ac-reims.fr\/ec-sault\/-wp-\/wp-json\/wp\/v2\/media?parent=1353"}],"wp:term":[{"taxonomy":"category","embeddable":true,"href":"https:\/\/sitetab3.ac-reims.fr\/ec-sault\/-wp-\/wp-json\/wp\/v2\/categories?post=1353"},{"taxonomy":"post_tag","embeddable":true,"href":"https:\/\/sitetab3.ac-reims.fr\/ec-sault\/-wp-\/wp-json\/wp\/v2\/tags?post=1353"}],"curies":[{"name":"wp","href":"https:\/\/api.w.org\/{rel}","templated":true}]}}