{"id":1375,"date":"2025-09-01T11:54:00","date_gmt":"2025-09-01T09:54:00","guid":{"rendered":"https:\/\/sitetab3.ac-reims.fr\/ec-sault\/-wp-\/?p=1375"},"modified":"2026-02-08T20:57:30","modified_gmt":"2026-02-08T19:57:30","slug":"rentree-2025-2026","status":"publish","type":"post","link":"https:\/\/sitetab3.ac-reims.fr\/ec-sault\/-wp-\/rentree-2025-2026\/","title":{"rendered":"Rentr\u00e9e 2025-2026"},"content":{"rendered":"\n<figure class=\"wp-block-image size-full\"><img loading=\"lazy\" decoding=\"async\" width=\"782\" height=\"360\" src=\"https:\/\/sitetab3.ac-reims.fr\/ec-sault\/-wp-\/wp-content\/uploads\/2026\/01\/360_F_170020709_9pfbRFPfoIUVdm6GfbIr4h5K4xvFJGyI.jpg\" alt=\"\" class=\"wp-image-1376\" srcset=\"https:\/\/sitetab3.ac-reims.fr\/ec-sault\/-wp-\/wp-content\/uploads\/2026\/01\/360_F_170020709_9pfbRFPfoIUVdm6GfbIr4h5K4xvFJGyI.jpg 782w, https:\/\/sitetab3.ac-reims.fr\/ec-sault\/-wp-\/wp-content\/uploads\/2026\/01\/360_F_170020709_9pfbRFPfoIUVdm6GfbIr4h5K4xvFJGyI-300x138.jpg 300w, https:\/\/sitetab3.ac-reims.fr\/ec-sault\/-wp-\/wp-content\/uploads\/2026\/01\/360_F_170020709_9pfbRFPfoIUVdm6GfbIr4h5K4xvFJGyI-768x354.jpg 768w\" sizes=\"(max-width: 782px) 100vw, 782px\" \/><\/figure>\n\n\n\n<p>Bonne rentr\u00e9e \u00e0 tous et toutes, petits et grands !<\/p>\n\n\n\n<p>Cette ann\u00e9e notre \u00e9cole est compos\u00e9e de 8 classes :<\/p>\n\n\n\n<p>PS  Mme Ulsas<\/p>\n\n\n\n<p>MS-GS Mme Viriot<\/p>\n\n\n\n<p>GS-CP Mme Thibault<\/p>\n\n\n\n<p>CP Mme Lambert-Lahotte<\/p>\n\n\n\n<p>CE1-CE2 Mme Modaine<\/p>\n\n\n\n<p>CE1-CE2 Mme Troiano<\/p>\n\n\n\n<p>CM1-CM2 M. Savoy<\/p>\n\n\n\n<p>CM1-CM2 Mme Bausseron et Mme De Azevedo<\/p>\n\n\n\n<p>Dispositif Ulis Mme Maud&rsquo;huy et Mme De Azevedo<\/p>\n\n\n\n<p><\/p>\n\n\n\n<p>Mme Bausseron est la directrice de l&rsquo;\u00e9cole, d\u00e9charg\u00e9e de classe les mardis et jeudis : privil\u00e9giez ces 2 jours pour la contacter ( mail : ce.0080486k@ac-reims.fr  ou t\u00e9l\u00e9phone : 03.24.38.59.70)<\/p>\n","protected":false},"excerpt":{"rendered":"<p>Bonne rentr\u00e9e \u00e0 tous et toutes, petits et grands ! Cette ann\u00e9e notre \u00e9cole est compos\u00e9e de 8 classes : PS Mme Ulsas MS-GS Mme Viriot GS-CP Mme Thibault CP Mme Lambert-Lahotte CE1-CE2 Mme Modaine CE1-CE2 Mme Troiano CM1-CM2 M. Savoy CM1-CM2 Mme Bausseron et Mme De Azevedo Dispositif Ulis Mme Maud&rsquo;huy et Mme De [&hellip;]<\/p>\n","protected":false},"author":1,"featured_media":0,"comment_status":"open","ping_status":"open","sticky":true,"template":"","format":"standard","meta":{"ngg_post_thumbnail":0,"footnotes":""},"categories":[1],"tags":[],"_links":{"self":[{"href":"https:\/\/sitetab3.ac-reims.fr\/ec-sault\/-wp-\/wp-json\/wp\/v2\/posts\/1375"}],"collection":[{"href":"https:\/\/sitetab3.ac-reims.fr\/ec-sault\/-wp-\/wp-json\/wp\/v2\/posts"}],"about":[{"href":"https:\/\/sitetab3.ac-reims.fr\/ec-sault\/-wp-\/wp-json\/wp\/v2\/types\/post"}],"author":[{"embeddable":true,"href":"https:\/\/sitetab3.ac-reims.fr\/ec-sault\/-wp-\/wp-json\/wp\/v2\/users\/1"}],"replies":[{"embeddable":true,"href":"https:\/\/sitetab3.ac-reims.fr\/ec-sault\/-wp-\/wp-json\/wp\/v2\/comments?post=1375"}],"version-history":[{"count":3,"href":"https:\/\/sitetab3.ac-reims.fr\/ec-sault\/-wp-\/wp-json\/wp\/v2\/posts\/1375\/revisions"}],"predecessor-version":[{"id":1396,"href":"https:\/\/sitetab3.ac-reims.fr\/ec-sault\/-wp-\/wp-json\/wp\/v2\/posts\/1375\/revisions\/1396"}],"wp:attachment":[{"href":"https:\/\/sitetab3.ac-reims.fr\/ec-sault\/-wp-\/wp-json\/wp\/v2\/media?parent=1375"}],"wp:term":[{"taxonomy":"category","embeddable":true,"href":"https:\/\/sitetab3.ac-reims.fr\/ec-sault\/-wp-\/wp-json\/wp\/v2\/categories?post=1375"},{"taxonomy":"post_tag","embeddable":true,"href":"https:\/\/sitetab3.ac-reims.fr\/ec-sault\/-wp-\/wp-json\/wp\/v2\/tags?post=1375"}],"curies":[{"name":"wp","href":"https:\/\/api.w.org\/{rel}","templated":true}]}}