{"id":577,"date":"2022-08-05T22:16:48","date_gmt":"2022-08-05T20:16:48","guid":{"rendered":"http:\/\/sitetab3.ac-reims.fr\/ec-sault\/-wp-\/?p=577"},"modified":"2022-08-05T22:30:59","modified_gmt":"2022-08-05T20:30:59","slug":"sinscrire-a-lecole","status":"publish","type":"post","link":"https:\/\/sitetab3.ac-reims.fr\/ec-sault\/-wp-\/sinscrire-a-lecole\/","title":{"rendered":"S&rsquo;inscrire \u00e0 l&rsquo;\u00e9cole"},"content":{"rendered":"\n<p style=\"text-align: center;\">L\u2019inscription \u00e0 l\u2019\u00e9cole se fait en 2 \u00e9tapes.<span id=\"more-4692\"><\/span><\/p>\n<p><strong>\u00c9tape 1: <\/strong>Avant l\u2019inscription \u00e0 l\u2019\u00e9cole, il est imp\u00e9ratif de prendre contact avec la Communaut\u00e9 de Communes du Pays Reth\u00e9lois afin d\u2019obtenir un certificat d\u2019inscription (t\u00e9l\u00e9chargeable sur le site suivant):<\/p>\n<p><a href=\"https:\/\/www.paysrethelois.fr\/fr\/les-inscriptions-scolaires.html\">https:\/\/www.paysrethelois.fr\/fr\/les-inscriptions-scolaires.html<\/a><\/p>\n<p>Ce document est \u00e0 compl\u00e9ter et \u00e0 retourner par mail (\u00e0 l\u2019une de ces adresses: <a href=\"mailto:affaires-scolaires@cc-paysrethelois.fr\">affaires-scolaires@cc-paysrethelois.fr<\/a>&nbsp;ou&nbsp;<a href=\"mailto:accueil@cc-paysrethelois.fr\">accueil@cc-paysrethelois.fr)<\/a>, par courrier ou en vous rendant sur place.<\/p>\n<p><strong>\u00c9tape 2: <\/strong>Vous pouvez contacter l\u2019\u00e9cole par mail pour finaliser l\u2019inscription de votre enfant: <a href=\"mailto:ce.0080486k@ac-reims.fr\">ce.0080486k@ac-reims.fr<\/a><\/p>\n<p>Vous devez ensuite fournir:<\/p>\n<ul>\n<li>Les fiches de renseignement et d&rsquo;urgence compl\u00e9t\u00e9es (elles vous seront envoy\u00e9es par mail ou transmises).<\/li>\n<li>La photocopie du livret de famille.<\/li>\n<li>La photocopie du carnet de sant\u00e9 attestant des vaccinations obligatoires.<\/li>\n<li>Un certificat de radiation (uniquement si votre enfant \u00e9tait scolaris\u00e9 dans une autre \u00e9cole).<\/li>\n<\/ul>\n<p>&nbsp;<\/p>\n","protected":false},"excerpt":{"rendered":"","protected":false},"author":1,"featured_media":0,"comment_status":"open","ping_status":"open","sticky":false,"template":"","format":"standard","meta":{"ngg_post_thumbnail":0,"footnotes":""},"categories":[1],"tags":[],"_links":{"self":[{"href":"https:\/\/sitetab3.ac-reims.fr\/ec-sault\/-wp-\/wp-json\/wp\/v2\/posts\/577"}],"collection":[{"href":"https:\/\/sitetab3.ac-reims.fr\/ec-sault\/-wp-\/wp-json\/wp\/v2\/posts"}],"about":[{"href":"https:\/\/sitetab3.ac-reims.fr\/ec-sault\/-wp-\/wp-json\/wp\/v2\/types\/post"}],"author":[{"embeddable":true,"href":"https:\/\/sitetab3.ac-reims.fr\/ec-sault\/-wp-\/wp-json\/wp\/v2\/users\/1"}],"replies":[{"embeddable":true,"href":"https:\/\/sitetab3.ac-reims.fr\/ec-sault\/-wp-\/wp-json\/wp\/v2\/comments?post=577"}],"version-history":[{"count":1,"href":"https:\/\/sitetab3.ac-reims.fr\/ec-sault\/-wp-\/wp-json\/wp\/v2\/posts\/577\/revisions"}],"predecessor-version":[{"id":578,"href":"https:\/\/sitetab3.ac-reims.fr\/ec-sault\/-wp-\/wp-json\/wp\/v2\/posts\/577\/revisions\/578"}],"wp:attachment":[{"href":"https:\/\/sitetab3.ac-reims.fr\/ec-sault\/-wp-\/wp-json\/wp\/v2\/media?parent=577"}],"wp:term":[{"taxonomy":"category","embeddable":true,"href":"https:\/\/sitetab3.ac-reims.fr\/ec-sault\/-wp-\/wp-json\/wp\/v2\/categories?post=577"},{"taxonomy":"post_tag","embeddable":true,"href":"https:\/\/sitetab3.ac-reims.fr\/ec-sault\/-wp-\/wp-json\/wp\/v2\/tags?post=577"}],"curies":[{"name":"wp","href":"https:\/\/api.w.org\/{rel}","templated":true}]}}