{"id":600,"date":"2022-08-05T22:51:25","date_gmt":"2022-08-05T20:51:25","guid":{"rendered":"http:\/\/sitetab3.ac-reims.fr\/ec-sault\/-wp-\/?p=600"},"modified":"2022-08-12T20:39:25","modified_gmt":"2022-08-12T18:39:25","slug":"rentree-2022","status":"publish","type":"post","link":"https:\/\/sitetab3.ac-reims.fr\/ec-sault\/-wp-\/rentree-2022\/","title":{"rendered":"Rentr\u00e9e 2022"},"content":{"rendered":"\n<p style=\"text-align: center;\">La rentr\u00e9e aura lieu le jeudi 1er septembre.<\/p>\n<p style=\"text-align: center;\">L&rsquo;enseignant de votre enfant vous contactera par mail le mercredi 31 ao\u00fbt afin de vous communiquer sa classe, les listes d&rsquo;\u00e9l\u00e8ves ne seront pas affich\u00e9es \u00e0 l&rsquo;ext\u00e9rieur de l&rsquo;\u00e9cole.<\/p>\n<p style=\"text-align: center;\">En attendant de vous retrouver pour une nouvelle ann\u00e9e, voici les listes de fournitures pour chaque niveau de l&rsquo;\u00e9l\u00e9mentaire (il est \u00e0 noter que chaque enseignant se r\u00e9serve le droit de vous demander un compl\u00e9ment \u00e0 la rentr\u00e9e selon ses besoins et son fonctionnement).<\/p>\n<p><a href=\"http:\/\/sitetab3.ac-reims.fr\/ec-sault\/-wp-\/wp-content\/uploads\/2022\/08\/fournitures-CP.pdf\">Pour le CP<\/a><\/p>\n<p><a href=\"http:\/\/sitetab3.ac-reims.fr\/ec-sault\/-wp-\/wp-content\/uploads\/2022\/08\/fournitures-CE1.pdf\">Pour le CE1<\/a><\/p>\n<p><a href=\"http:\/\/sitetab3.ac-reims.fr\/ec-sault\/-wp-\/wp-content\/uploads\/2022\/08\/fournitures-CE2.pdf\">Pour le CE2<\/a><\/p>\n<p><a href=\"http:\/\/sitetab3.ac-reims.fr\/ec-sault\/-wp-\/wp-content\/uploads\/2022\/08\/fournitures-CM1-CM2.pdf\">Pour le CM1<\/a><\/p>\n<p><a href=\"http:\/\/sitetab3.ac-reims.fr\/ec-sault\/-wp-\/wp-content\/uploads\/2022\/08\/fournitures-CM1-CM2-1.pdf\">Pour le CM2<\/a><\/p>\n<p style=\"text-align: center;\">Pour les \u00e9l\u00e8ves entrant en Petite section, vous trouverez <a href=\"https:\/\/padlet.com\/ulsaslaurence\/rentreedespetits\">ici<\/a> un document de pr\u00e9sentation.<\/p>\n<p>&nbsp;<\/p>\n<p>&nbsp;<\/p>\n","protected":false},"excerpt":{"rendered":"","protected":false},"author":1,"featured_media":0,"comment_status":"closed","ping_status":"open","sticky":false,"template":"","format":"standard","meta":{"ngg_post_thumbnail":0,"footnotes":""},"categories":[1],"tags":[],"_links":{"self":[{"href":"https:\/\/sitetab3.ac-reims.fr\/ec-sault\/-wp-\/wp-json\/wp\/v2\/posts\/600"}],"collection":[{"href":"https:\/\/sitetab3.ac-reims.fr\/ec-sault\/-wp-\/wp-json\/wp\/v2\/posts"}],"about":[{"href":"https:\/\/sitetab3.ac-reims.fr\/ec-sault\/-wp-\/wp-json\/wp\/v2\/types\/post"}],"author":[{"embeddable":true,"href":"https:\/\/sitetab3.ac-reims.fr\/ec-sault\/-wp-\/wp-json\/wp\/v2\/users\/1"}],"replies":[{"embeddable":true,"href":"https:\/\/sitetab3.ac-reims.fr\/ec-sault\/-wp-\/wp-json\/wp\/v2\/comments?post=600"}],"version-history":[{"count":5,"href":"https:\/\/sitetab3.ac-reims.fr\/ec-sault\/-wp-\/wp-json\/wp\/v2\/posts\/600\/revisions"}],"predecessor-version":[{"id":1161,"href":"https:\/\/sitetab3.ac-reims.fr\/ec-sault\/-wp-\/wp-json\/wp\/v2\/posts\/600\/revisions\/1161"}],"wp:attachment":[{"href":"https:\/\/sitetab3.ac-reims.fr\/ec-sault\/-wp-\/wp-json\/wp\/v2\/media?parent=600"}],"wp:term":[{"taxonomy":"category","embeddable":true,"href":"https:\/\/sitetab3.ac-reims.fr\/ec-sault\/-wp-\/wp-json\/wp\/v2\/categories?post=600"},{"taxonomy":"post_tag","embeddable":true,"href":"https:\/\/sitetab3.ac-reims.fr\/ec-sault\/-wp-\/wp-json\/wp\/v2\/tags?post=600"}],"curies":[{"name":"wp","href":"https:\/\/api.w.org\/{rel}","templated":true}]}}