{"id":893,"date":"2023-02-09T20:15:08","date_gmt":"2023-02-09T19:15:08","guid":{"rendered":"https:\/\/sitetab3.ac-reims.fr\/ec-sault\/-wp-\/?p=893"},"modified":"2023-02-09T20:15:15","modified_gmt":"2023-02-09T19:15:15","slug":"vacances-scolaires","status":"publish","type":"post","link":"https:\/\/sitetab3.ac-reims.fr\/ec-sault\/-wp-\/vacances-scolaires\/","title":{"rendered":"Vacances scolaires"},"content":{"rendered":"\n<p class=\"has-text-align-center\">Le pays rethelois organise des activit\u00e9s vari\u00e9es durant les vacances d&rsquo;hiver.<\/p>\n\n\n\n<p class=\"has-text-align-center\">Vous trouverez en pi\u00e8ce jointe, le passeport pour les vacances d&rsquo;hiver avec la liste des activit\u00e9s et les coupons d&rsquo;inscription.<\/p>\n\n\n\n<p class=\"has-text-align-center\"><strong><span class=\"has-inline-color has-pale-cyan-blue-color\">Bonnes vacances \u00e0 tous<\/span><\/strong><span class=\"has-inline-color has-pale-cyan-blue-color\"><strong> nos \u00e9l\u00e8ves<\/strong><\/span><\/p>\n\n\n\n<div data-wp-interactive=\"core\/file\" class=\"wp-block-file\"><object data-wp-bind--hidden=\"!state.hasPdfPreview\"  class=\"wp-block-file__embed\" data=\"https:\/\/sitetab3.ac-reims.fr\/ec-sault\/-wp-\/wp-content\/uploads\/2023\/02\/pp-ccpr-leo-anna-hiver-2023.pdf\" type=\"application\/pdf\" style=\"width:100%;height:600px\" aria-label=\"Contenu embarqu\u00e9 Contenu embarqu\u00e9 pp-ccpr-leo-anna-hiver-2023..\"><\/object><a href=\"https:\/\/sitetab3.ac-reims.fr\/ec-sault\/-wp-\/wp-content\/uploads\/2023\/02\/pp-ccpr-leo-anna-hiver-2023.pdf\">pp-ccpr-leo-anna-hiver-2023<\/a><a href=\"https:\/\/sitetab3.ac-reims.fr\/ec-sault\/-wp-\/wp-content\/uploads\/2023\/02\/pp-ccpr-leo-anna-hiver-2023.pdf\" class=\"wp-block-file__button\" download>T\u00e9l\u00e9charger<\/a><\/div>\n\n\n\n<p><\/p>\n","protected":false},"excerpt":{"rendered":"<p>Le pays rethelois organise des activit\u00e9s vari\u00e9es durant les vacances d&rsquo;hiver. Vous trouverez en pi\u00e8ce jointe, le passeport pour les vacances d&rsquo;hiver avec la liste des activit\u00e9s et les coupons d&rsquo;inscription. Bonnes vacances \u00e0 tous nos \u00e9l\u00e8ves<\/p>\n","protected":false},"author":1,"featured_media":0,"comment_status":"open","ping_status":"open","sticky":true,"template":"","format":"standard","meta":{"ngg_post_thumbnail":0,"footnotes":""},"categories":[34],"tags":[],"_links":{"self":[{"href":"https:\/\/sitetab3.ac-reims.fr\/ec-sault\/-wp-\/wp-json\/wp\/v2\/posts\/893"}],"collection":[{"href":"https:\/\/sitetab3.ac-reims.fr\/ec-sault\/-wp-\/wp-json\/wp\/v2\/posts"}],"about":[{"href":"https:\/\/sitetab3.ac-reims.fr\/ec-sault\/-wp-\/wp-json\/wp\/v2\/types\/post"}],"author":[{"embeddable":true,"href":"https:\/\/sitetab3.ac-reims.fr\/ec-sault\/-wp-\/wp-json\/wp\/v2\/users\/1"}],"replies":[{"embeddable":true,"href":"https:\/\/sitetab3.ac-reims.fr\/ec-sault\/-wp-\/wp-json\/wp\/v2\/comments?post=893"}],"version-history":[{"count":1,"href":"https:\/\/sitetab3.ac-reims.fr\/ec-sault\/-wp-\/wp-json\/wp\/v2\/posts\/893\/revisions"}],"predecessor-version":[{"id":895,"href":"https:\/\/sitetab3.ac-reims.fr\/ec-sault\/-wp-\/wp-json\/wp\/v2\/posts\/893\/revisions\/895"}],"wp:attachment":[{"href":"https:\/\/sitetab3.ac-reims.fr\/ec-sault\/-wp-\/wp-json\/wp\/v2\/media?parent=893"}],"wp:term":[{"taxonomy":"category","embeddable":true,"href":"https:\/\/sitetab3.ac-reims.fr\/ec-sault\/-wp-\/wp-json\/wp\/v2\/categories?post=893"},{"taxonomy":"post_tag","embeddable":true,"href":"https:\/\/sitetab3.ac-reims.fr\/ec-sault\/-wp-\/wp-json\/wp\/v2\/tags?post=893"}],"curies":[{"name":"wp","href":"https:\/\/api.w.org\/{rel}","templated":true}]}}