{"id":904,"date":"2023-03-26T13:55:23","date_gmt":"2023-03-26T11:55:23","guid":{"rendered":"https:\/\/sitetab3.ac-reims.fr\/ec-sault\/-wp-\/?p=904"},"modified":"2023-03-26T13:58:30","modified_gmt":"2023-03-26T11:58:30","slug":"rentree-scolaire-2023-2024","status":"publish","type":"post","link":"https:\/\/sitetab3.ac-reims.fr\/ec-sault\/-wp-\/rentree-scolaire-2023-2024\/","title":{"rendered":"Rentr\u00e9e scolaire 2023\/2024"},"content":{"rendered":"\n<p class=\"has-text-align-center\"><strong><span class=\"has-inline-color has-pale-cyan-blue-color\">Les enfants n\u00e9s en 2020 rentreront en Petite Section en septembre 2023.<\/span><\/strong><\/p>\n\n\n\n<p>Vous pouvez d\u00e8s \u00e0 pr\u00e9sent proc\u00e9der \u00e0 l&rsquo;inscription de votre enfant en mairie.<\/p>\n\n\n\n<p>Vous trouverez plus d&rsquo;explications sur les d\u00e9marches et les \u00e9tapes \u00e0 suivre <a rel=\"noreferrer noopener\" href=\"https:\/\/sitetab3.ac-reims.fr\/ec-sault\/-wp-\/inscription-a-lecole\/\" target=\"_blank\">ici<\/a><\/p>\n","protected":false},"excerpt":{"rendered":"<p>Les enfants n\u00e9s en 2020 rentreront en Petite Section en septembre 2023. Vous pouvez d\u00e8s \u00e0 pr\u00e9sent proc\u00e9der \u00e0 l&rsquo;inscription de votre enfant en mairie. Vous trouverez plus d&rsquo;explications sur les d\u00e9marches et les \u00e9tapes \u00e0 suivre ici<\/p>\n","protected":false},"author":1,"featured_media":0,"comment_status":"open","ping_status":"open","sticky":true,"template":"","format":"standard","meta":{"ngg_post_thumbnail":0,"footnotes":""},"categories":[33],"tags":[],"_links":{"self":[{"href":"https:\/\/sitetab3.ac-reims.fr\/ec-sault\/-wp-\/wp-json\/wp\/v2\/posts\/904"}],"collection":[{"href":"https:\/\/sitetab3.ac-reims.fr\/ec-sault\/-wp-\/wp-json\/wp\/v2\/posts"}],"about":[{"href":"https:\/\/sitetab3.ac-reims.fr\/ec-sault\/-wp-\/wp-json\/wp\/v2\/types\/post"}],"author":[{"embeddable":true,"href":"https:\/\/sitetab3.ac-reims.fr\/ec-sault\/-wp-\/wp-json\/wp\/v2\/users\/1"}],"replies":[{"embeddable":true,"href":"https:\/\/sitetab3.ac-reims.fr\/ec-sault\/-wp-\/wp-json\/wp\/v2\/comments?post=904"}],"version-history":[{"count":3,"href":"https:\/\/sitetab3.ac-reims.fr\/ec-sault\/-wp-\/wp-json\/wp\/v2\/posts\/904\/revisions"}],"predecessor-version":[{"id":908,"href":"https:\/\/sitetab3.ac-reims.fr\/ec-sault\/-wp-\/wp-json\/wp\/v2\/posts\/904\/revisions\/908"}],"wp:attachment":[{"href":"https:\/\/sitetab3.ac-reims.fr\/ec-sault\/-wp-\/wp-json\/wp\/v2\/media?parent=904"}],"wp:term":[{"taxonomy":"category","embeddable":true,"href":"https:\/\/sitetab3.ac-reims.fr\/ec-sault\/-wp-\/wp-json\/wp\/v2\/categories?post=904"},{"taxonomy":"post_tag","embeddable":true,"href":"https:\/\/sitetab3.ac-reims.fr\/ec-sault\/-wp-\/wp-json\/wp\/v2\/tags?post=904"}],"curies":[{"name":"wp","href":"https:\/\/api.w.org\/{rel}","templated":true}]}}