{"id":2793,"date":"2020-06-09T11:31:54","date_gmt":"2020-06-09T09:31:54","guid":{"rendered":"http:\/\/sitetab3.ac-reims.fr\/ec-viel\/-wp-\/?p=2793"},"modified":"2020-08-22T19:11:19","modified_gmt":"2020-08-22T17:11:19","slug":"lecole-en-photo","status":"publish","type":"post","link":"https:\/\/sitetab3.ac-reims.fr\/ec-viel\/-wp-\/lecole-en-photo\/","title":{"rendered":"L&rsquo;\u00e9cole en photos"},"content":{"rendered":"<p>Protocole sanitaire oblige, impossible de faire visiter l&rsquo;\u00e9cole aux futurs \u00e9l\u00e8ves de CP<\/p>\n<p><a href=\"http:\/\/sitetab3.ac-reims.fr\/ec-viel\/-wp-\/wp-content\/uploads\/Capture-d\u2019\u00e9cran-2020-06-10-\u00e0-16.50.32.png\"><img loading=\"lazy\" decoding=\"async\" class=\"wp-image-2841 size-medium aligncenter\" src=\"http:\/\/sitetab3.ac-reims.fr\/ec-viel\/-wp-\/wp-content\/uploads\/Capture-d\u2019\u00e9cran-2020-06-10-\u00e0-16.50.32-300x226.png\" alt=\"\" width=\"300\" height=\"226\" srcset=\"https:\/\/sitetab3.ac-reims.fr\/ec-viel\/-wp-\/wp-content\/uploads\/Capture-d\u2019\u00e9cran-2020-06-10-\u00e0-16.50.32-300x226.png 300w, https:\/\/sitetab3.ac-reims.fr\/ec-viel\/-wp-\/wp-content\/uploads\/Capture-d\u2019\u00e9cran-2020-06-10-\u00e0-16.50.32-768x579.png 768w, https:\/\/sitetab3.ac-reims.fr\/ec-viel\/-wp-\/wp-content\/uploads\/Capture-d\u2019\u00e9cran-2020-06-10-\u00e0-16.50.32.png 769w\" sizes=\"(max-width: 300px) 100vw, 300px\" \/><\/a><\/p>\n<p>Nous vous proposons donc quelques photos pour avoir un petit aper\u00e7u des locaux.<\/p>\n<p>La classe de Mme Royer en CP\u00a0 \u00a0 \u00a0 \u00a0 \u00a0 \u00a0 \u00a0 \u00a0 \u00a0 \u00a0 \u00a0 \u00a0 \u00a0 \u00a0\u00a0 celle de Mme Bonnevie en CE1<\/p>\n<p><a href=\"http:\/\/sitetab3.ac-reims.fr\/ec-viel\/-wp-\/wp-content\/uploads\/photos-002.jpg\"><img loading=\"lazy\" decoding=\"async\" class=\"wp-image-2795 size-medium alignleft\" src=\"http:\/\/sitetab3.ac-reims.fr\/ec-viel\/-wp-\/wp-content\/uploads\/photos-002-300x225.jpg\" alt=\"\" width=\"300\" height=\"225\" srcset=\"https:\/\/sitetab3.ac-reims.fr\/ec-viel\/-wp-\/wp-content\/uploads\/photos-002-300x225.jpg 300w, https:\/\/sitetab3.ac-reims.fr\/ec-viel\/-wp-\/wp-content\/uploads\/photos-002-768x576.jpg 768w, https:\/\/sitetab3.ac-reims.fr\/ec-viel\/-wp-\/wp-content\/uploads\/photos-002-1024x768.jpg 1024w\" sizes=\"(max-width: 300px) 100vw, 300px\" \/><\/a><\/p>\n<p><a href=\"http:\/\/sitetab3.ac-reims.fr\/ec-viel\/-wp-\/wp-content\/uploads\/photos-001.jpg\"><img loading=\"lazy\" decoding=\"async\" class=\"wp-image-2794 size-medium alignleft\" src=\"http:\/\/sitetab3.ac-reims.fr\/ec-viel\/-wp-\/wp-content\/uploads\/photos-001-300x225.jpg\" alt=\"\" width=\"300\" height=\"225\" srcset=\"https:\/\/sitetab3.ac-reims.fr\/ec-viel\/-wp-\/wp-content\/uploads\/photos-001-300x225.jpg 300w, https:\/\/sitetab3.ac-reims.fr\/ec-viel\/-wp-\/wp-content\/uploads\/photos-001-768x576.jpg 768w, https:\/\/sitetab3.ac-reims.fr\/ec-viel\/-wp-\/wp-content\/uploads\/photos-001-1024x768.jpg 1024w\" sizes=\"(max-width: 300px) 100vw, 300px\" \/><\/a><\/p>\n<p>&nbsp;<\/p>\n<p>&nbsp;<\/p>\n<p>&nbsp;<\/p>\n<p>&nbsp;<\/p>\n<p>&nbsp;<\/p>\n<p>&nbsp;<\/p>\n<p>&nbsp;<\/p>\n<p>avec les 2 cours de r\u00e9cr\u00e9ation<\/p>\n<p style=\"text-align: center;\"><a href=\"http:\/\/sitetab3.ac-reims.fr\/ec-viel\/-wp-\/wp-content\/uploads\/Capture-d\u2019\u00e9cran-2020-06-10-\u00e0-16.50.47.png\"><img loading=\"lazy\" decoding=\"async\" class=\"wp-image-2842 size-medium alignleft\" src=\"http:\/\/sitetab3.ac-reims.fr\/ec-viel\/-wp-\/wp-content\/uploads\/Capture-d\u2019\u00e9cran-2020-06-10-\u00e0-16.50.47-300x220.png\" alt=\"\" width=\"300\" height=\"220\" srcset=\"https:\/\/sitetab3.ac-reims.fr\/ec-viel\/-wp-\/wp-content\/uploads\/Capture-d\u2019\u00e9cran-2020-06-10-\u00e0-16.50.47-300x220.png 300w, https:\/\/sitetab3.ac-reims.fr\/ec-viel\/-wp-\/wp-content\/uploads\/Capture-d\u2019\u00e9cran-2020-06-10-\u00e0-16.50.47-768x562.png 768w, https:\/\/sitetab3.ac-reims.fr\/ec-viel\/-wp-\/wp-content\/uploads\/Capture-d\u2019\u00e9cran-2020-06-10-\u00e0-16.50.47.png 772w\" sizes=\"(max-width: 300px) 100vw, 300px\" \/><\/a><a href=\"http:\/\/sitetab3.ac-reims.fr\/ec-viel\/-wp-\/wp-content\/uploads\/Capture-d\u2019\u00e9cran-2020-06-10-\u00e0-16.51.16.png\"><img loading=\"lazy\" decoding=\"async\" class=\"wp-image-2843 size-medium alignleft\" src=\"http:\/\/sitetab3.ac-reims.fr\/ec-viel\/-wp-\/wp-content\/uploads\/Capture-d\u2019\u00e9cran-2020-06-10-\u00e0-16.51.16-300x226.png\" alt=\"\" width=\"300\" height=\"226\" srcset=\"https:\/\/sitetab3.ac-reims.fr\/ec-viel\/-wp-\/wp-content\/uploads\/Capture-d\u2019\u00e9cran-2020-06-10-\u00e0-16.51.16-300x226.png 300w, https:\/\/sitetab3.ac-reims.fr\/ec-viel\/-wp-\/wp-content\/uploads\/Capture-d\u2019\u00e9cran-2020-06-10-\u00e0-16.51.16.png 765w\" sizes=\"(max-width: 300px) 100vw, 300px\" \/><\/a><\/p>\n<p style=\"text-align: center;\">\n","protected":false},"excerpt":{"rendered":"<p>Protocole sanitaire oblige, impossible de faire visiter l&rsquo;\u00e9cole aux futurs \u00e9l\u00e8ves de CP Nous vous proposons donc quelques photos pour avoir un petit aper\u00e7u des locaux. La classe de Mme Royer en CP\u00a0 \u00a0 \u00a0 \u00a0 \u00a0 \u00a0 \u00a0 \u00a0 \u00a0 \u00a0 \u00a0 \u00a0 \u00a0 \u00a0\u00a0 celle de Mme Bonnevie en CE1 &nbsp; &nbsp; &nbsp; [&hellip;]<\/p>\n","protected":false},"author":1,"featured_media":0,"comment_status":"open","ping_status":"open","sticky":false,"template":"","format":"standard","meta":{"ngg_post_thumbnail":0,"footnotes":""},"categories":[18],"tags":[],"_links":{"self":[{"href":"https:\/\/sitetab3.ac-reims.fr\/ec-viel\/-wp-\/wp-json\/wp\/v2\/posts\/2793"}],"collection":[{"href":"https:\/\/sitetab3.ac-reims.fr\/ec-viel\/-wp-\/wp-json\/wp\/v2\/posts"}],"about":[{"href":"https:\/\/sitetab3.ac-reims.fr\/ec-viel\/-wp-\/wp-json\/wp\/v2\/types\/post"}],"author":[{"embeddable":true,"href":"https:\/\/sitetab3.ac-reims.fr\/ec-viel\/-wp-\/wp-json\/wp\/v2\/users\/1"}],"replies":[{"embeddable":true,"href":"https:\/\/sitetab3.ac-reims.fr\/ec-viel\/-wp-\/wp-json\/wp\/v2\/comments?post=2793"}],"version-history":[{"count":6,"href":"https:\/\/sitetab3.ac-reims.fr\/ec-viel\/-wp-\/wp-json\/wp\/v2\/posts\/2793\/revisions"}],"predecessor-version":[{"id":2853,"href":"https:\/\/sitetab3.ac-reims.fr\/ec-viel\/-wp-\/wp-json\/wp\/v2\/posts\/2793\/revisions\/2853"}],"wp:attachment":[{"href":"https:\/\/sitetab3.ac-reims.fr\/ec-viel\/-wp-\/wp-json\/wp\/v2\/media?parent=2793"}],"wp:term":[{"taxonomy":"category","embeddable":true,"href":"https:\/\/sitetab3.ac-reims.fr\/ec-viel\/-wp-\/wp-json\/wp\/v2\/categories?post=2793"},{"taxonomy":"post_tag","embeddable":true,"href":"https:\/\/sitetab3.ac-reims.fr\/ec-viel\/-wp-\/wp-json\/wp\/v2\/tags?post=2793"}],"curies":[{"name":"wp","href":"https:\/\/api.w.org\/{rel}","templated":true}]}}