{"id":6002,"date":"2025-01-01T19:52:00","date_gmt":"2025-01-01T18:52:00","guid":{"rendered":"https:\/\/sitetab3.ac-reims.fr\/ec-viel\/-wp-\/?p=6002"},"modified":"2026-01-04T17:37:42","modified_gmt":"2026-01-04T16:37:42","slug":"voeux","status":"publish","type":"post","link":"https:\/\/sitetab3.ac-reims.fr\/ec-viel\/-wp-\/voeux\/","title":{"rendered":"VOEUX"},"content":{"rendered":"\n<p class=\"has-text-align-center\">L&rsquo;ensemble des membres de l&rsquo;\u00e9quipe p\u00e9dagogique vous adresse leurs meilleurs v\u0153ux pour cette ann\u00e9e 2026.<\/p>\n\n\n\n<p class=\"has-text-align-center\">Nous vous souhaitons une ann\u00e9e sereine et pleine de r\u00e9ussites pour vos enfants.<\/p>\n\n\n<div class=\"wp-block-image\">\n<figure class=\"aligncenter size-full is-resized\"><img loading=\"lazy\" decoding=\"async\" width=\"365\" height=\"281\" src=\"https:\/\/sitetab3.ac-reims.fr\/ec-viel\/-wp-\/wp-content\/uploads\/voeux-2026.png\" alt=\"\" class=\"wp-image-6983\" style=\"width:443px;height:auto\" srcset=\"https:\/\/sitetab3.ac-reims.fr\/ec-viel\/-wp-\/wp-content\/uploads\/voeux-2026.png 365w, https:\/\/sitetab3.ac-reims.fr\/ec-viel\/-wp-\/wp-content\/uploads\/voeux-2026-300x231.png 300w\" sizes=\"(max-width: 365px) 100vw, 365px\" \/><\/figure><\/div>","protected":false},"excerpt":{"rendered":"<p>L&rsquo;ensemble des membres de l&rsquo;\u00e9quipe p\u00e9dagogique vous adresse leurs meilleurs v\u0153ux pour cette ann\u00e9e 2026. Nous vous souhaitons une ann\u00e9e sereine et pleine de r\u00e9ussites pour vos enfants.<\/p>\n","protected":false},"author":1,"featured_media":0,"comment_status":"open","ping_status":"open","sticky":true,"template":"","format":"standard","meta":{"ngg_post_thumbnail":0,"footnotes":""},"categories":[1],"tags":[],"_links":{"self":[{"href":"https:\/\/sitetab3.ac-reims.fr\/ec-viel\/-wp-\/wp-json\/wp\/v2\/posts\/6002"}],"collection":[{"href":"https:\/\/sitetab3.ac-reims.fr\/ec-viel\/-wp-\/wp-json\/wp\/v2\/posts"}],"about":[{"href":"https:\/\/sitetab3.ac-reims.fr\/ec-viel\/-wp-\/wp-json\/wp\/v2\/types\/post"}],"author":[{"embeddable":true,"href":"https:\/\/sitetab3.ac-reims.fr\/ec-viel\/-wp-\/wp-json\/wp\/v2\/users\/1"}],"replies":[{"embeddable":true,"href":"https:\/\/sitetab3.ac-reims.fr\/ec-viel\/-wp-\/wp-json\/wp\/v2\/comments?post=6002"}],"version-history":[{"count":4,"href":"https:\/\/sitetab3.ac-reims.fr\/ec-viel\/-wp-\/wp-json\/wp\/v2\/posts\/6002\/revisions"}],"predecessor-version":[{"id":6986,"href":"https:\/\/sitetab3.ac-reims.fr\/ec-viel\/-wp-\/wp-json\/wp\/v2\/posts\/6002\/revisions\/6986"}],"wp:attachment":[{"href":"https:\/\/sitetab3.ac-reims.fr\/ec-viel\/-wp-\/wp-json\/wp\/v2\/media?parent=6002"}],"wp:term":[{"taxonomy":"category","embeddable":true,"href":"https:\/\/sitetab3.ac-reims.fr\/ec-viel\/-wp-\/wp-json\/wp\/v2\/categories?post=6002"},{"taxonomy":"post_tag","embeddable":true,"href":"https:\/\/sitetab3.ac-reims.fr\/ec-viel\/-wp-\/wp-json\/wp\/v2\/tags?post=6002"}],"curies":[{"name":"wp","href":"https:\/\/api.w.org\/{rel}","templated":true}]}}