{"id":1208,"date":"2021-11-17T15:26:29","date_gmt":"2021-11-17T14:26:29","guid":{"rendered":"http:\/\/sitetab3.ac-reims.fr\/lp-emile-baudot\/-wp-\/?p=1208"},"modified":"2021-11-17T15:28:57","modified_gmt":"2021-11-17T14:28:57","slug":"label-eco-lycee2","status":"publish","type":"post","link":"https:\/\/sitetab3.ac-reims.fr\/lp-emile-baudot\/-wp-\/label-eco-lycee2\/","title":{"rendered":"Label Eco Lyc\u00e9e"},"content":{"rendered":"<p>Le lyc\u00e9e a \u00e9t\u00e9 r\u00e9compens\u00e9 \u00e0 nouveau en recevant le Label Eco-lyc\u00e9e sur le th\u00e8me de l\u2019eau.<\/p>\n<p>F\u00e9licitations \u00e0 Mme&nbsp;Daire et aux \u00e9l\u00e8ves de 3\u00e8me pr\u00e9pa-pro et de CAP ATMFC.<\/p>\n","protected":false},"excerpt":{"rendered":"<p>Le lyc\u00e9e a \u00e9t\u00e9 r\u00e9compens\u00e9 \u00e0 nouveau en recevant le Label Eco-lyc\u00e9e sur le th\u00e8me de l\u2019eau. F\u00e9licitations \u00e0 Mme&nbsp;Daire et aux \u00e9l\u00e8ves de 3\u00e8me pr\u00e9pa-pro et de CAP ATMFC.<\/p>\n","protected":false},"author":1,"featured_media":0,"comment_status":"closed","ping_status":"open","sticky":false,"template":"","format":"standard","meta":{"ngg_post_thumbnail":0,"footnotes":""},"categories":[62],"tags":[],"_links":{"self":[{"href":"https:\/\/sitetab3.ac-reims.fr\/lp-emile-baudot\/-wp-\/wp-json\/wp\/v2\/posts\/1208"}],"collection":[{"href":"https:\/\/sitetab3.ac-reims.fr\/lp-emile-baudot\/-wp-\/wp-json\/wp\/v2\/posts"}],"about":[{"href":"https:\/\/sitetab3.ac-reims.fr\/lp-emile-baudot\/-wp-\/wp-json\/wp\/v2\/types\/post"}],"author":[{"embeddable":true,"href":"https:\/\/sitetab3.ac-reims.fr\/lp-emile-baudot\/-wp-\/wp-json\/wp\/v2\/users\/1"}],"replies":[{"embeddable":true,"href":"https:\/\/sitetab3.ac-reims.fr\/lp-emile-baudot\/-wp-\/wp-json\/wp\/v2\/comments?post=1208"}],"version-history":[{"count":2,"href":"https:\/\/sitetab3.ac-reims.fr\/lp-emile-baudot\/-wp-\/wp-json\/wp\/v2\/posts\/1208\/revisions"}],"predecessor-version":[{"id":1210,"href":"https:\/\/sitetab3.ac-reims.fr\/lp-emile-baudot\/-wp-\/wp-json\/wp\/v2\/posts\/1208\/revisions\/1210"}],"wp:attachment":[{"href":"https:\/\/sitetab3.ac-reims.fr\/lp-emile-baudot\/-wp-\/wp-json\/wp\/v2\/media?parent=1208"}],"wp:term":[{"taxonomy":"category","embeddable":true,"href":"https:\/\/sitetab3.ac-reims.fr\/lp-emile-baudot\/-wp-\/wp-json\/wp\/v2\/categories?post=1208"},{"taxonomy":"post_tag","embeddable":true,"href":"https:\/\/sitetab3.ac-reims.fr\/lp-emile-baudot\/-wp-\/wp-json\/wp\/v2\/tags?post=1208"}],"curies":[{"name":"wp","href":"https:\/\/api.w.org\/{rel}","templated":true}]}}