{"id":1942,"date":"2024-02-17T14:09:06","date_gmt":"2024-02-17T13:09:06","guid":{"rendered":"https:\/\/sitetab3.ac-reims.fr\/lp-emile-baudot\/-wp-\/?p=1942"},"modified":"2025-04-29T15:48:20","modified_gmt":"2025-04-29T13:48:20","slug":"sexe-amour-et-cornichons-theatre-et-debat","status":"publish","type":"post","link":"https:\/\/sitetab3.ac-reims.fr\/lp-emile-baudot\/-wp-\/sexe-amour-et-cornichons-theatre-et-debat\/","title":{"rendered":"\u00ab\u00a0Sexe, amour et cornichons\u00a0\u00bb &#8211; Th\u00e9\u00e2tre et d\u00e9bat"},"content":{"rendered":"\n<div class=\"wp-block-columns is-layout-flex wp-container-core-columns-is-layout-1 wp-block-columns-is-layout-flex\">\n<div class=\"wp-block-column is-layout-flow wp-block-column-is-layout-flow\">\n<figure class=\"wp-block-image size-large\"><img loading=\"lazy\" decoding=\"async\" width=\"1024\" height=\"724\" src=\"http:\/\/sitetab3.ac-reims.fr\/lp-emile-baudot\/-wp-\/wp-content\/uploads\/Couverture-Sexe-amours-et-cornichons-1024x724.png\" alt=\"\" class=\"wp-image-1945\" srcset=\"https:\/\/sitetab3.ac-reims.fr\/lp-emile-baudot\/-wp-\/wp-content\/uploads\/Couverture-Sexe-amours-et-cornichons-1024x724.png 1024w, https:\/\/sitetab3.ac-reims.fr\/lp-emile-baudot\/-wp-\/wp-content\/uploads\/Couverture-Sexe-amours-et-cornichons-300x212.png 300w, https:\/\/sitetab3.ac-reims.fr\/lp-emile-baudot\/-wp-\/wp-content\/uploads\/Couverture-Sexe-amours-et-cornichons-768x543.png 768w, https:\/\/sitetab3.ac-reims.fr\/lp-emile-baudot\/-wp-\/wp-content\/uploads\/Couverture-Sexe-amours-et-cornichons-1536x1086.png 1536w, https:\/\/sitetab3.ac-reims.fr\/lp-emile-baudot\/-wp-\/wp-content\/uploads\/Couverture-Sexe-amours-et-cornichons-2048x1448.png 2048w\" sizes=\"(max-width: 1024px) 100vw, 1024px\" \/><\/figure>\n<\/div>\n<\/div>\n\n\n<div id=\"corps\" class=\"p-like wysiwyg\">\n<p>Le lundi 18 d\u00e9cembre 2023, pendant le mois du Sidaction, les \u00e9l\u00e8ves ont d\u00e9couvert le spectacle <em>Sexe, amour et cornichons<\/em> de la Cie Azimuts qui met en sc\u00e8ne deux com\u00e9diennes dans le r\u00f4le de lyc\u00e9ennes pr\u00e9parant un expos\u00e9 pour le bac sur l&rsquo;\u00e9ducation \u00e0 la sexualit\u00e9.<\/p>\n<p>Les \u00e9l\u00e8ves ont \u00e9t\u00e9 inform\u00e9s et sensibilis\u00e9s aux th\u00e8mes de la sexualit\u00e9, du consentement, de la contraception et de la pubert\u00e9, par le biais du th\u00e9\u00e2tre. Les d\u00e9bats qui ont suivi chaque repr\u00e9sentation ont permis de lib\u00e9rer la parole des \u00e9l\u00e8ves qui ont \u00e9chang\u00e9 sur leurs opinions et leurs pr\u00e9jug\u00e9s. Cette action sert d&rsquo;introduction \u00e0 l&rsquo;enseignement de la reproduction sexu\u00e9e et de la sexualit\u00e9 dans les cours de SVT et de PSE. Elle sera aussi accompagn\u00e9e par une action autour du Planning familial, mise en place par l\u2019infirmi\u00e8re.<\/p>\n<\/div>\n\n\n<p><\/p>\n","protected":false},"excerpt":{"rendered":"<p>Le lundi 18 d\u00e9cembre 2023, pendant le mois du Sidaction, les \u00e9l\u00e8ves ont d\u00e9couvert le spectacle Sexe, amour et cornichons de la Cie Azimuts qui met en sc\u00e8ne deux com\u00e9diennes dans le r\u00f4le de lyc\u00e9ennes pr\u00e9parant un expos\u00e9 pour le bac sur l&rsquo;\u00e9ducation \u00e0 la sexualit\u00e9. Les \u00e9l\u00e8ves ont \u00e9t\u00e9 inform\u00e9s et sensibilis\u00e9s aux th\u00e8mes [&hellip;]<\/p>\n","protected":false},"author":9,"featured_media":0,"comment_status":"closed","ping_status":"open","sticky":false,"template":"","format":"standard","meta":{"ngg_post_thumbnail":0,"footnotes":""},"categories":[85],"tags":[],"_links":{"self":[{"href":"https:\/\/sitetab3.ac-reims.fr\/lp-emile-baudot\/-wp-\/wp-json\/wp\/v2\/posts\/1942"}],"collection":[{"href":"https:\/\/sitetab3.ac-reims.fr\/lp-emile-baudot\/-wp-\/wp-json\/wp\/v2\/posts"}],"about":[{"href":"https:\/\/sitetab3.ac-reims.fr\/lp-emile-baudot\/-wp-\/wp-json\/wp\/v2\/types\/post"}],"author":[{"embeddable":true,"href":"https:\/\/sitetab3.ac-reims.fr\/lp-emile-baudot\/-wp-\/wp-json\/wp\/v2\/users\/9"}],"replies":[{"embeddable":true,"href":"https:\/\/sitetab3.ac-reims.fr\/lp-emile-baudot\/-wp-\/wp-json\/wp\/v2\/comments?post=1942"}],"version-history":[{"count":5,"href":"https:\/\/sitetab3.ac-reims.fr\/lp-emile-baudot\/-wp-\/wp-json\/wp\/v2\/posts\/1942\/revisions"}],"predecessor-version":[{"id":1952,"href":"https:\/\/sitetab3.ac-reims.fr\/lp-emile-baudot\/-wp-\/wp-json\/wp\/v2\/posts\/1942\/revisions\/1952"}],"wp:attachment":[{"href":"https:\/\/sitetab3.ac-reims.fr\/lp-emile-baudot\/-wp-\/wp-json\/wp\/v2\/media?parent=1942"}],"wp:term":[{"taxonomy":"category","embeddable":true,"href":"https:\/\/sitetab3.ac-reims.fr\/lp-emile-baudot\/-wp-\/wp-json\/wp\/v2\/categories?post=1942"},{"taxonomy":"post_tag","embeddable":true,"href":"https:\/\/sitetab3.ac-reims.fr\/lp-emile-baudot\/-wp-\/wp-json\/wp\/v2\/tags?post=1942"}],"curies":[{"name":"wp","href":"https:\/\/api.w.org\/{rel}","templated":true}]}}