{"id":1959,"date":"2024-02-17T15:03:55","date_gmt":"2024-02-17T14:03:55","guid":{"rendered":"https:\/\/sitetab3.ac-reims.fr\/lp-emile-baudot\/-wp-\/?p=1959"},"modified":"2025-04-29T15:48:15","modified_gmt":"2025-04-29T13:48:15","slug":"visite-du-centre-dinterpretation-de-suippes-et-des-tranchees-de-la-main-de-massiges","status":"publish","type":"post","link":"https:\/\/sitetab3.ac-reims.fr\/lp-emile-baudot\/-wp-\/visite-du-centre-dinterpretation-de-suippes-et-des-tranchees-de-la-main-de-massiges\/","title":{"rendered":"Visite du Centre d&rsquo;Interpr\u00e9tation de Suippes et des tranch\u00e9es de la Main de Massiges"},"content":{"rendered":"\n<div class=\"wp-block-columns is-layout-flex wp-container-core-columns-is-layout-1 wp-block-columns-is-layout-flex\">\n<div class=\"wp-block-column is-layout-flow wp-block-column-is-layout-flow\">\n<figure class=\"wp-block-image size-full\"><img loading=\"lazy\" decoding=\"async\" width=\"300\" height=\"400\" src=\"http:\/\/sitetab3.ac-reims.fr\/lp-emile-baudot\/-wp-\/wp-content\/uploads\/4931532469406676329.jpg\" alt=\"\" class=\"wp-image-1961\" srcset=\"https:\/\/sitetab3.ac-reims.fr\/lp-emile-baudot\/-wp-\/wp-content\/uploads\/4931532469406676329.jpg 300w, https:\/\/sitetab3.ac-reims.fr\/lp-emile-baudot\/-wp-\/wp-content\/uploads\/4931532469406676329-225x300.jpg 225w\" sizes=\"(max-width: 300px) 100vw, 300px\" \/><\/figure>\n<\/div>\n\n\n\n<div class=\"wp-block-column is-layout-flow wp-block-column-is-layout-flow\">\n<figure class=\"wp-block-image size-full\"><img loading=\"lazy\" decoding=\"async\" width=\"300\" height=\"400\" src=\"http:\/\/sitetab3.ac-reims.fr\/lp-emile-baudot\/-wp-\/wp-content\/uploads\/4242207494315452543.jpg\" alt=\"\" class=\"wp-image-1960\" srcset=\"https:\/\/sitetab3.ac-reims.fr\/lp-emile-baudot\/-wp-\/wp-content\/uploads\/4242207494315452543.jpg 300w, https:\/\/sitetab3.ac-reims.fr\/lp-emile-baudot\/-wp-\/wp-content\/uploads\/4242207494315452543-225x300.jpg 225w\" sizes=\"(max-width: 300px) 100vw, 300px\" \/><\/figure>\n<\/div>\n\n\n\n<div class=\"wp-block-column is-layout-flow wp-block-column-is-layout-flow\">\n<figure class=\"wp-block-image size-full\"><img loading=\"lazy\" decoding=\"async\" width=\"300\" height=\"400\" src=\"http:\/\/sitetab3.ac-reims.fr\/lp-emile-baudot\/-wp-\/wp-content\/uploads\/8532338473396301719.jpg\" alt=\"\" class=\"wp-image-1962\" srcset=\"https:\/\/sitetab3.ac-reims.fr\/lp-emile-baudot\/-wp-\/wp-content\/uploads\/8532338473396301719.jpg 300w, https:\/\/sitetab3.ac-reims.fr\/lp-emile-baudot\/-wp-\/wp-content\/uploads\/8532338473396301719-225x300.jpg 225w\" sizes=\"(max-width: 300px) 100vw, 300px\" \/><\/figure>\n<\/div>\n<\/div>\n\n\n<p>Dans le cadre du programme de l&rsquo;histoire-g\u00e9ographie les \u00e9l\u00e8ves de 1\u00e8res CAP (2AGA, AS) et de 3\u00e8me pr\u00e9pa-m\u00e9tiers sont all\u00e9s \u00e0 la rencontre du patrimoine historique du Grand-Est.<\/p>\n<p>Le mardi 7 novembre 2023, les \u00e9l\u00e8ves ont pris la route, direction la Marne. Premier arr\u00eat, le Centre d&rsquo;Interpr\u00e9tation Marne 14-18 de Suippes. Ce lieu de m\u00e9moire plonge les \u00e9l\u00e8ves au c\u0153ur de la guerre, avec en outre le t\u00e9moignage de la famille Papillon dont les trois enfants ont \u00e9t\u00e9 mobilis\u00e9s. De la marche vers la guerre jusqu&rsquo;\u00e0 la reconstruction, ce mus\u00e9e aborde d&rsquo;un point de vue humain le conflit de ce d\u00e9but de XX<sup>\u00e8me<\/sup> si\u00e8cle.&nbsp;Deuxi\u00e8me arr\u00eat, les tranch\u00e9es de la Main de Massiges. Ce site doit son nom \u00e0 sa topographie particuli\u00e8re rappelant les cinq doigts de la main gauche. Plus de 300 m\u00e8tres de tranch\u00e9es, restaur\u00e9es par une association, permettent aux visiteurs de s&rsquo;immerger dans la vie au sein des tranch\u00e9es. A d\u00e9couvrir !<\/p>","protected":false},"excerpt":{"rendered":"<p>Dans le cadre du programme de l&rsquo;histoire-g\u00e9ographie les \u00e9l\u00e8ves de 1\u00e8res CAP (2AGA, AS) et de 3\u00e8me pr\u00e9pa-m\u00e9tiers sont all\u00e9s \u00e0 la rencontre du patrimoine historique du Grand-Est. Le mardi 7 novembre 2023, les \u00e9l\u00e8ves ont pris la route, direction la Marne. Premier arr\u00eat, le Centre d&rsquo;Interpr\u00e9tation Marne 14-18 de Suippes. Ce lieu de m\u00e9moire [&hellip;]<\/p>\n","protected":false},"author":9,"featured_media":0,"comment_status":"closed","ping_status":"open","sticky":false,"template":"","format":"standard","meta":{"ngg_post_thumbnail":0,"footnotes":""},"categories":[85],"tags":[],"_links":{"self":[{"href":"https:\/\/sitetab3.ac-reims.fr\/lp-emile-baudot\/-wp-\/wp-json\/wp\/v2\/posts\/1959"}],"collection":[{"href":"https:\/\/sitetab3.ac-reims.fr\/lp-emile-baudot\/-wp-\/wp-json\/wp\/v2\/posts"}],"about":[{"href":"https:\/\/sitetab3.ac-reims.fr\/lp-emile-baudot\/-wp-\/wp-json\/wp\/v2\/types\/post"}],"author":[{"embeddable":true,"href":"https:\/\/sitetab3.ac-reims.fr\/lp-emile-baudot\/-wp-\/wp-json\/wp\/v2\/users\/9"}],"replies":[{"embeddable":true,"href":"https:\/\/sitetab3.ac-reims.fr\/lp-emile-baudot\/-wp-\/wp-json\/wp\/v2\/comments?post=1959"}],"version-history":[{"count":1,"href":"https:\/\/sitetab3.ac-reims.fr\/lp-emile-baudot\/-wp-\/wp-json\/wp\/v2\/posts\/1959\/revisions"}],"predecessor-version":[{"id":1963,"href":"https:\/\/sitetab3.ac-reims.fr\/lp-emile-baudot\/-wp-\/wp-json\/wp\/v2\/posts\/1959\/revisions\/1963"}],"wp:attachment":[{"href":"https:\/\/sitetab3.ac-reims.fr\/lp-emile-baudot\/-wp-\/wp-json\/wp\/v2\/media?parent=1959"}],"wp:term":[{"taxonomy":"category","embeddable":true,"href":"https:\/\/sitetab3.ac-reims.fr\/lp-emile-baudot\/-wp-\/wp-json\/wp\/v2\/categories?post=1959"},{"taxonomy":"post_tag","embeddable":true,"href":"https:\/\/sitetab3.ac-reims.fr\/lp-emile-baudot\/-wp-\/wp-json\/wp\/v2\/tags?post=1959"}],"curies":[{"name":"wp","href":"https:\/\/api.w.org\/{rel}","templated":true}]}}