{"id":1965,"date":"2024-02-17T15:12:40","date_gmt":"2024-02-17T14:12:40","guid":{"rendered":"https:\/\/sitetab3.ac-reims.fr\/lp-emile-baudot\/-wp-\/?p=1965"},"modified":"2025-04-29T15:48:06","modified_gmt":"2025-04-29T13:48:06","slug":"visite-de-metallurgic-park","status":"publish","type":"post","link":"https:\/\/sitetab3.ac-reims.fr\/lp-emile-baudot\/-wp-\/visite-de-metallurgic-park\/","title":{"rendered":"Visite de Metallurgic Park"},"content":{"rendered":"\n<div class=\"wp-block-columns is-layout-flex wp-container-core-columns-is-layout-1 wp-block-columns-is-layout-flex\">\n<div class=\"wp-block-column is-layout-flow wp-block-column-is-layout-flow\">\n<figure class=\"wp-block-image size-large\"><img loading=\"lazy\" decoding=\"async\" width=\"732\" height=\"1024\" src=\"http:\/\/sitetab3.ac-reims.fr\/lp-emile-baudot\/-wp-\/wp-content\/uploads\/IMG_20231109_143352-Copie-732x1024.jpg\" alt=\"\" class=\"wp-image-1967\" srcset=\"https:\/\/sitetab3.ac-reims.fr\/lp-emile-baudot\/-wp-\/wp-content\/uploads\/IMG_20231109_143352-Copie-732x1024.jpg 732w, https:\/\/sitetab3.ac-reims.fr\/lp-emile-baudot\/-wp-\/wp-content\/uploads\/IMG_20231109_143352-Copie-214x300.jpg 214w, https:\/\/sitetab3.ac-reims.fr\/lp-emile-baudot\/-wp-\/wp-content\/uploads\/IMG_20231109_143352-Copie-768x1075.jpg 768w, https:\/\/sitetab3.ac-reims.fr\/lp-emile-baudot\/-wp-\/wp-content\/uploads\/IMG_20231109_143352-Copie-1098x1536.jpg 1098w, https:\/\/sitetab3.ac-reims.fr\/lp-emile-baudot\/-wp-\/wp-content\/uploads\/IMG_20231109_143352-Copie-1464x2048.jpg 1464w, https:\/\/sitetab3.ac-reims.fr\/lp-emile-baudot\/-wp-\/wp-content\/uploads\/IMG_20231109_143352-Copie-scaled.jpg 1830w\" sizes=\"(max-width: 732px) 100vw, 732px\" \/><\/figure>\n<\/div>\n\n\n\n<div class=\"wp-block-column is-layout-flow wp-block-column-is-layout-flow\">\n<figure class=\"wp-block-image size-large\"><img loading=\"lazy\" decoding=\"async\" width=\"768\" height=\"1024\" src=\"http:\/\/sitetab3.ac-reims.fr\/lp-emile-baudot\/-wp-\/wp-content\/uploads\/IMG_20231109_154110-768x1024.jpg\" alt=\"\" class=\"wp-image-1966\" srcset=\"https:\/\/sitetab3.ac-reims.fr\/lp-emile-baudot\/-wp-\/wp-content\/uploads\/IMG_20231109_154110-768x1024.jpg 768w, https:\/\/sitetab3.ac-reims.fr\/lp-emile-baudot\/-wp-\/wp-content\/uploads\/IMG_20231109_154110-225x300.jpg 225w, https:\/\/sitetab3.ac-reims.fr\/lp-emile-baudot\/-wp-\/wp-content\/uploads\/IMG_20231109_154110-1152x1536.jpg 1152w, https:\/\/sitetab3.ac-reims.fr\/lp-emile-baudot\/-wp-\/wp-content\/uploads\/IMG_20231109_154110-1536x2048.jpg 1536w, https:\/\/sitetab3.ac-reims.fr\/lp-emile-baudot\/-wp-\/wp-content\/uploads\/IMG_20231109_154110-scaled.jpg 1920w\" sizes=\"(max-width: 768px) 100vw, 768px\" \/><\/figure>\n<\/div>\n\n\n\n<div class=\"wp-block-column is-layout-flow wp-block-column-is-layout-flow\">\n<figure class=\"wp-block-image size-large\"><img loading=\"lazy\" decoding=\"async\" width=\"768\" height=\"1024\" src=\"http:\/\/sitetab3.ac-reims.fr\/lp-emile-baudot\/-wp-\/wp-content\/uploads\/IMG_20231109_153200-768x1024.jpg\" alt=\"\" class=\"wp-image-1968\" srcset=\"https:\/\/sitetab3.ac-reims.fr\/lp-emile-baudot\/-wp-\/wp-content\/uploads\/IMG_20231109_153200-768x1024.jpg 768w, https:\/\/sitetab3.ac-reims.fr\/lp-emile-baudot\/-wp-\/wp-content\/uploads\/IMG_20231109_153200-225x300.jpg 225w, https:\/\/sitetab3.ac-reims.fr\/lp-emile-baudot\/-wp-\/wp-content\/uploads\/IMG_20231109_153200-1152x1536.jpg 1152w, https:\/\/sitetab3.ac-reims.fr\/lp-emile-baudot\/-wp-\/wp-content\/uploads\/IMG_20231109_153200-1536x2048.jpg 1536w, https:\/\/sitetab3.ac-reims.fr\/lp-emile-baudot\/-wp-\/wp-content\/uploads\/IMG_20231109_153200-scaled.jpg 1920w\" sizes=\"(max-width: 768px) 100vw, 768px\" \/><\/figure>\n<\/div>\n<\/div>\n\n\n<p>Dans le cadre du programme de l\u2019histoire-g\u00e9ographie les \u00e9l\u00e8ves de 1\u00e8res Bac pro (Commerce-vente et S\u00e9curit\u00e9) sont all\u00e9s \u00e0 la rencontre du patrimoine industriel du Grand-Est.<\/p>\n<p>Le jeudi 9 novembre 2023, les \u00e9l\u00e8ves ont visit\u00e9 Metallurgic Park \u00e0 Dommartin-le-Franc. A partir de cette visite du patrimoine industriel local, les \u00e9l\u00e8ves ont appr\u00e9hend\u00e9 le quotidien d&rsquo;un homme au travail dans une forge au XIX<sup>\u00e8me<\/sup>-XX<sup>\u00e8me<\/sup> si\u00e8cles. Ils ont observ\u00e9, gr\u00e2ce aux guides, les diff\u00e9rentes \u00e9tapes du traitement du minerai de fer, comme l&rsquo;\u00e9tape du bocard et du patouillet ; la fabrication de la fonte ; le fonctionnement du haut-fourneau et diverses r\u00e9alisations en fonte : les pi\u00e8ces de m\u00e9tro Guimard, les fontaines Wallace et un \u00e9l\u00e9ment du Viaduc de Millau.&nbsp;<\/p>","protected":false},"excerpt":{"rendered":"<p>Dans le cadre du programme de l\u2019histoire-g\u00e9ographie les \u00e9l\u00e8ves de 1\u00e8res Bac pro (Commerce-vente et S\u00e9curit\u00e9) sont all\u00e9s \u00e0 la rencontre du patrimoine industriel du Grand-Est. Le jeudi 9 novembre 2023, les \u00e9l\u00e8ves ont visit\u00e9 Metallurgic Park \u00e0 Dommartin-le-Franc. A partir de cette visite du patrimoine industriel local, les \u00e9l\u00e8ves ont appr\u00e9hend\u00e9 le quotidien d&rsquo;un [&hellip;]<\/p>\n","protected":false},"author":9,"featured_media":0,"comment_status":"closed","ping_status":"open","sticky":false,"template":"","format":"standard","meta":{"ngg_post_thumbnail":0,"footnotes":""},"categories":[85],"tags":[],"_links":{"self":[{"href":"https:\/\/sitetab3.ac-reims.fr\/lp-emile-baudot\/-wp-\/wp-json\/wp\/v2\/posts\/1965"}],"collection":[{"href":"https:\/\/sitetab3.ac-reims.fr\/lp-emile-baudot\/-wp-\/wp-json\/wp\/v2\/posts"}],"about":[{"href":"https:\/\/sitetab3.ac-reims.fr\/lp-emile-baudot\/-wp-\/wp-json\/wp\/v2\/types\/post"}],"author":[{"embeddable":true,"href":"https:\/\/sitetab3.ac-reims.fr\/lp-emile-baudot\/-wp-\/wp-json\/wp\/v2\/users\/9"}],"replies":[{"embeddable":true,"href":"https:\/\/sitetab3.ac-reims.fr\/lp-emile-baudot\/-wp-\/wp-json\/wp\/v2\/comments?post=1965"}],"version-history":[{"count":1,"href":"https:\/\/sitetab3.ac-reims.fr\/lp-emile-baudot\/-wp-\/wp-json\/wp\/v2\/posts\/1965\/revisions"}],"predecessor-version":[{"id":1969,"href":"https:\/\/sitetab3.ac-reims.fr\/lp-emile-baudot\/-wp-\/wp-json\/wp\/v2\/posts\/1965\/revisions\/1969"}],"wp:attachment":[{"href":"https:\/\/sitetab3.ac-reims.fr\/lp-emile-baudot\/-wp-\/wp-json\/wp\/v2\/media?parent=1965"}],"wp:term":[{"taxonomy":"category","embeddable":true,"href":"https:\/\/sitetab3.ac-reims.fr\/lp-emile-baudot\/-wp-\/wp-json\/wp\/v2\/categories?post=1965"},{"taxonomy":"post_tag","embeddable":true,"href":"https:\/\/sitetab3.ac-reims.fr\/lp-emile-baudot\/-wp-\/wp-json\/wp\/v2\/tags?post=1965"}],"curies":[{"name":"wp","href":"https:\/\/api.w.org\/{rel}","templated":true}]}}