{"id":1977,"date":"2024-02-17T16:23:33","date_gmt":"2024-02-17T15:23:33","guid":{"rendered":"https:\/\/sitetab3.ac-reims.fr\/lp-emile-baudot\/-wp-\/?p=1977"},"modified":"2025-04-29T15:47:57","modified_gmt":"2025-04-29T13:47:57","slug":"slam-ateliers-decriture-et-dinterpretation","status":"publish","type":"post","link":"https:\/\/sitetab3.ac-reims.fr\/lp-emile-baudot\/-wp-\/slam-ateliers-decriture-et-dinterpretation\/","title":{"rendered":"Slam : ateliers d&rsquo;\u00e9criture et d&rsquo;interpr\u00e9tation"},"content":{"rendered":"\n<div class=\"wp-block-columns is-layout-flex wp-container-core-columns-is-layout-1 wp-block-columns-is-layout-flex\">\n<div class=\"wp-block-column is-layout-flow wp-block-column-is-layout-flow\">\n<figure class=\"wp-block-image size-large\"><img loading=\"lazy\" decoding=\"async\" width=\"1024\" height=\"768\" src=\"http:\/\/sitetab3.ac-reims.fr\/lp-emile-baudot\/-wp-\/wp-content\/uploads\/IMG_20231020_093605-1024x768.jpg\" alt=\"\" class=\"wp-image-1980\" srcset=\"https:\/\/sitetab3.ac-reims.fr\/lp-emile-baudot\/-wp-\/wp-content\/uploads\/IMG_20231020_093605-1024x768.jpg 1024w, https:\/\/sitetab3.ac-reims.fr\/lp-emile-baudot\/-wp-\/wp-content\/uploads\/IMG_20231020_093605-300x225.jpg 300w, https:\/\/sitetab3.ac-reims.fr\/lp-emile-baudot\/-wp-\/wp-content\/uploads\/IMG_20231020_093605-768x576.jpg 768w, https:\/\/sitetab3.ac-reims.fr\/lp-emile-baudot\/-wp-\/wp-content\/uploads\/IMG_20231020_093605-1536x1152.jpg 1536w, https:\/\/sitetab3.ac-reims.fr\/lp-emile-baudot\/-wp-\/wp-content\/uploads\/IMG_20231020_093605-2048x1536.jpg 2048w\" sizes=\"(max-width: 1024px) 100vw, 1024px\" \/><\/figure>\n<\/div>\n\n\n\n<div class=\"wp-block-column is-layout-flow wp-block-column-is-layout-flow\">\n<figure class=\"wp-block-image size-large\"><img loading=\"lazy\" decoding=\"async\" width=\"1024\" height=\"768\" src=\"http:\/\/sitetab3.ac-reims.fr\/lp-emile-baudot\/-wp-\/wp-content\/uploads\/IMG_20231020_105947-1024x768.jpg\" alt=\"\" class=\"wp-image-1981\" srcset=\"https:\/\/sitetab3.ac-reims.fr\/lp-emile-baudot\/-wp-\/wp-content\/uploads\/IMG_20231020_105947-1024x768.jpg 1024w, https:\/\/sitetab3.ac-reims.fr\/lp-emile-baudot\/-wp-\/wp-content\/uploads\/IMG_20231020_105947-300x225.jpg 300w, https:\/\/sitetab3.ac-reims.fr\/lp-emile-baudot\/-wp-\/wp-content\/uploads\/IMG_20231020_105947-768x576.jpg 768w, https:\/\/sitetab3.ac-reims.fr\/lp-emile-baudot\/-wp-\/wp-content\/uploads\/IMG_20231020_105947-1536x1152.jpg 1536w, https:\/\/sitetab3.ac-reims.fr\/lp-emile-baudot\/-wp-\/wp-content\/uploads\/IMG_20231020_105947-2048x1536.jpg 2048w\" sizes=\"(max-width: 1024px) 100vw, 1024px\" \/><\/figure>\n<\/div>\n\n\n\n<div class=\"wp-block-column is-layout-flow wp-block-column-is-layout-flow\">\n<figure class=\"wp-block-image size-large\"><img loading=\"lazy\" decoding=\"async\" width=\"1024\" height=\"768\" src=\"http:\/\/sitetab3.ac-reims.fr\/lp-emile-baudot\/-wp-\/wp-content\/uploads\/IMG_20231020_134109-1024x768.jpg\" alt=\"\" class=\"wp-image-1979\" srcset=\"https:\/\/sitetab3.ac-reims.fr\/lp-emile-baudot\/-wp-\/wp-content\/uploads\/IMG_20231020_134109-1024x768.jpg 1024w, https:\/\/sitetab3.ac-reims.fr\/lp-emile-baudot\/-wp-\/wp-content\/uploads\/IMG_20231020_134109-300x225.jpg 300w, https:\/\/sitetab3.ac-reims.fr\/lp-emile-baudot\/-wp-\/wp-content\/uploads\/IMG_20231020_134109-768x576.jpg 768w, https:\/\/sitetab3.ac-reims.fr\/lp-emile-baudot\/-wp-\/wp-content\/uploads\/IMG_20231020_134109-1536x1152.jpg 1536w, https:\/\/sitetab3.ac-reims.fr\/lp-emile-baudot\/-wp-\/wp-content\/uploads\/IMG_20231020_134109-2048x1536.jpg 2048w\" sizes=\"(max-width: 1024px) 100vw, 1024px\" \/><\/figure>\n<\/div>\n<\/div>\n\n\n<p>Le slam pour d\u00e9couvrir l&rsquo;\u00e9loquence, les pouvoirs du langage et la dimension esth\u00e9tique et cr\u00e9ative de la parole.<\/p>\n<p>Le vendredi 20 octobre 2023, les \u00e9l\u00e8ves de 2BPMS et de 2BPMRC ont b\u00e9n\u00e9fici\u00e9 d&rsquo;un atelier slam avec St\u00e9phane Rondepierre, de la compagnie les ateliers slam de Reims. Ce slameur professionnel, portant le nom de sc\u00e8ne \u00ab\u00a0Le mime marteau\u00a0\u00bb a captiv\u00e9 l\u2019attention des \u00e9l\u00e8ves en leur racontant l&rsquo;histoire du slam et leur pr\u00e9sentant les r\u00e8gles du slam : pas plus de trois minutes ; pas de musique et pas d&rsquo;accessoires&#8230; seulement sa voix, son corps et ses \u00e9motions. Et surtout dans le slam il faut se faire plaisir et \u00eatre bienveillant. Les \u00e9l\u00e8ves ont pu travailler leur gestuelle, leur posture et leur voix par des jeux et un atelier d&rsquo;\u00e9criture et de d\u00e9clamation.<\/p>","protected":false},"excerpt":{"rendered":"<p>Le slam pour d\u00e9couvrir l&rsquo;\u00e9loquence, les pouvoirs du langage et la dimension esth\u00e9tique et cr\u00e9ative de la parole. Le vendredi 20 octobre 2023, les \u00e9l\u00e8ves de 2BPMS et de 2BPMRC ont b\u00e9n\u00e9fici\u00e9 d&rsquo;un atelier slam avec St\u00e9phane Rondepierre, de la compagnie les ateliers slam de Reims. Ce slameur professionnel, portant le nom de sc\u00e8ne \u00ab\u00a0Le [&hellip;]<\/p>\n","protected":false},"author":9,"featured_media":0,"comment_status":"closed","ping_status":"open","sticky":false,"template":"","format":"standard","meta":{"ngg_post_thumbnail":0,"footnotes":""},"categories":[85],"tags":[],"_links":{"self":[{"href":"https:\/\/sitetab3.ac-reims.fr\/lp-emile-baudot\/-wp-\/wp-json\/wp\/v2\/posts\/1977"}],"collection":[{"href":"https:\/\/sitetab3.ac-reims.fr\/lp-emile-baudot\/-wp-\/wp-json\/wp\/v2\/posts"}],"about":[{"href":"https:\/\/sitetab3.ac-reims.fr\/lp-emile-baudot\/-wp-\/wp-json\/wp\/v2\/types\/post"}],"author":[{"embeddable":true,"href":"https:\/\/sitetab3.ac-reims.fr\/lp-emile-baudot\/-wp-\/wp-json\/wp\/v2\/users\/9"}],"replies":[{"embeddable":true,"href":"https:\/\/sitetab3.ac-reims.fr\/lp-emile-baudot\/-wp-\/wp-json\/wp\/v2\/comments?post=1977"}],"version-history":[{"count":1,"href":"https:\/\/sitetab3.ac-reims.fr\/lp-emile-baudot\/-wp-\/wp-json\/wp\/v2\/posts\/1977\/revisions"}],"predecessor-version":[{"id":1982,"href":"https:\/\/sitetab3.ac-reims.fr\/lp-emile-baudot\/-wp-\/wp-json\/wp\/v2\/posts\/1977\/revisions\/1982"}],"wp:attachment":[{"href":"https:\/\/sitetab3.ac-reims.fr\/lp-emile-baudot\/-wp-\/wp-json\/wp\/v2\/media?parent=1977"}],"wp:term":[{"taxonomy":"category","embeddable":true,"href":"https:\/\/sitetab3.ac-reims.fr\/lp-emile-baudot\/-wp-\/wp-json\/wp\/v2\/categories?post=1977"},{"taxonomy":"post_tag","embeddable":true,"href":"https:\/\/sitetab3.ac-reims.fr\/lp-emile-baudot\/-wp-\/wp-json\/wp\/v2\/tags?post=1977"}],"curies":[{"name":"wp","href":"https:\/\/api.w.org\/{rel}","templated":true}]}}