{"id":2036,"date":"2024-02-24T07:16:58","date_gmt":"2024-02-24T06:16:58","guid":{"rendered":"https:\/\/sitetab3.ac-reims.fr\/lp-emile-baudot\/-wp-\/?p=2036"},"modified":"2025-04-29T15:47:41","modified_gmt":"2025-04-29T13:47:41","slug":"classe-engagee-rencontre-avec-la-lpo","status":"publish","type":"post","link":"https:\/\/sitetab3.ac-reims.fr\/lp-emile-baudot\/-wp-\/classe-engagee-rencontre-avec-la-lpo\/","title":{"rendered":"Classe engag\u00e9e : Rencontre avec la LPO"},"content":{"rendered":"\n<p>Le jeudi 22 f\u00e9vrier 2024, la classe engag\u00e9e, compos\u00e9e des \u00e9l\u00e8ves de 2nde Bac pro M\u00e9tiers de la s\u00e9curit\u00e9, a b\u00e9n\u00e9fici\u00e9 d&rsquo;une intervention de la LPO (Ligue de Protection des Oiseaux). <\/p>\n\n\n\n<p>Les \u00e9l\u00e8ves ont d\u00e9couvert les missions de la ligue au sein de la r\u00e9gion afin de les sensibiliser aux causes environnementales et \u00e0 la protection de la biodiversit\u00e9 locale au c\u0153ur m\u00eame de leur \u00e9tablissement.  <\/p>\n\n\n\n<div class=\"wp-block-columns is-layout-flex wp-container-core-columns-is-layout-1 wp-block-columns-is-layout-flex\">\n<div class=\"wp-block-column is-layout-flow wp-block-column-is-layout-flow\">\n<figure class=\"wp-block-image size-large is-resized\"><a href=\"http:\/\/sitetab3.ac-reims.fr\/lp-emile-baudot\/-wp-\/wp-content\/uploads\/Flyer-2BPMS-LPO.pdf\" target=\"_blank\" rel=\"noopener\"><img loading=\"lazy\" decoding=\"async\" src=\"http:\/\/sitetab3.ac-reims.fr\/lp-emile-baudot\/-wp-\/wp-content\/uploads\/Flyer-2BPMS-LPO_page-0001-724x1024.jpg\" alt=\"\" class=\"wp-image-2068\" width=\"405\" height=\"572\" srcset=\"https:\/\/sitetab3.ac-reims.fr\/lp-emile-baudot\/-wp-\/wp-content\/uploads\/Flyer-2BPMS-LPO_page-0001-724x1024.jpg 724w, https:\/\/sitetab3.ac-reims.fr\/lp-emile-baudot\/-wp-\/wp-content\/uploads\/Flyer-2BPMS-LPO_page-0001-212x300.jpg 212w, https:\/\/sitetab3.ac-reims.fr\/lp-emile-baudot\/-wp-\/wp-content\/uploads\/Flyer-2BPMS-LPO_page-0001-768x1086.jpg 768w, https:\/\/sitetab3.ac-reims.fr\/lp-emile-baudot\/-wp-\/wp-content\/uploads\/Flyer-2BPMS-LPO_page-0001-1086x1536.jpg 1086w, https:\/\/sitetab3.ac-reims.fr\/lp-emile-baudot\/-wp-\/wp-content\/uploads\/Flyer-2BPMS-LPO_page-0001-1448x2048.jpg 1448w, https:\/\/sitetab3.ac-reims.fr\/lp-emile-baudot\/-wp-\/wp-content\/uploads\/Flyer-2BPMS-LPO_page-0001-scaled.jpg 1810w\" sizes=\"(max-width: 405px) 100vw, 405px\" \/><\/a><\/figure>\n\n\n\n<p><\/p>\n<\/div>\n\n\n\n<div class=\"wp-block-column is-layout-flow wp-block-column-is-layout-flow\">\n<figure class=\"wp-block-image size-large\"><a href=\"http:\/\/sitetab3.ac-reims.fr\/lp-emile-baudot\/-wp-\/wp-content\/uploads\/Flyer-2BPMS-LPO.pdf\" target=\"_blank\" rel=\"noopener\"><img loading=\"lazy\" decoding=\"async\" width=\"724\" height=\"1024\" src=\"http:\/\/sitetab3.ac-reims.fr\/lp-emile-baudot\/-wp-\/wp-content\/uploads\/Flyer-2BPMS-LPO_page-0002-724x1024.jpg\" alt=\"\" class=\"wp-image-2069\" srcset=\"https:\/\/sitetab3.ac-reims.fr\/lp-emile-baudot\/-wp-\/wp-content\/uploads\/Flyer-2BPMS-LPO_page-0002-724x1024.jpg 724w, https:\/\/sitetab3.ac-reims.fr\/lp-emile-baudot\/-wp-\/wp-content\/uploads\/Flyer-2BPMS-LPO_page-0002-212x300.jpg 212w, https:\/\/sitetab3.ac-reims.fr\/lp-emile-baudot\/-wp-\/wp-content\/uploads\/Flyer-2BPMS-LPO_page-0002-768x1086.jpg 768w, https:\/\/sitetab3.ac-reims.fr\/lp-emile-baudot\/-wp-\/wp-content\/uploads\/Flyer-2BPMS-LPO_page-0002-1086x1536.jpg 1086w, https:\/\/sitetab3.ac-reims.fr\/lp-emile-baudot\/-wp-\/wp-content\/uploads\/Flyer-2BPMS-LPO_page-0002-1448x2048.jpg 1448w, https:\/\/sitetab3.ac-reims.fr\/lp-emile-baudot\/-wp-\/wp-content\/uploads\/Flyer-2BPMS-LPO_page-0002-scaled.jpg 1810w\" sizes=\"(max-width: 724px) 100vw, 724px\" \/><\/a><\/figure>\n<\/div>\n<\/div>\n\n\n\n<p><a href=\"https:\/\/sitetab3.ac-reims.fr\/lp-emile-baudot\/-wp-\/les-eleves-de-2bpms-en-action\/\" target=\"_blank\" rel=\"noreferrer noopener\">Cliquez pour d\u00e9couvrir les \u00e9l\u00e8ves de 2BPMS en action<\/a><\/p>\n","protected":false},"excerpt":{"rendered":"<p>Le jeudi 22 f\u00e9vrier 2024, la classe engag\u00e9e, compos\u00e9e des \u00e9l\u00e8ves de 2nde Bac pro M\u00e9tiers de la s\u00e9curit\u00e9, a b\u00e9n\u00e9fici\u00e9 d&rsquo;une intervention de la LPO (Ligue de Protection des Oiseaux). Les \u00e9l\u00e8ves ont d\u00e9couvert les missions de la ligue au sein de la r\u00e9gion afin de les sensibiliser aux causes environnementales et \u00e0 la [&hellip;]<\/p>\n","protected":false},"author":9,"featured_media":0,"comment_status":"closed","ping_status":"open","sticky":false,"template":"","format":"standard","meta":{"ngg_post_thumbnail":0,"footnotes":""},"categories":[85,1],"tags":[],"_links":{"self":[{"href":"https:\/\/sitetab3.ac-reims.fr\/lp-emile-baudot\/-wp-\/wp-json\/wp\/v2\/posts\/2036"}],"collection":[{"href":"https:\/\/sitetab3.ac-reims.fr\/lp-emile-baudot\/-wp-\/wp-json\/wp\/v2\/posts"}],"about":[{"href":"https:\/\/sitetab3.ac-reims.fr\/lp-emile-baudot\/-wp-\/wp-json\/wp\/v2\/types\/post"}],"author":[{"embeddable":true,"href":"https:\/\/sitetab3.ac-reims.fr\/lp-emile-baudot\/-wp-\/wp-json\/wp\/v2\/users\/9"}],"replies":[{"embeddable":true,"href":"https:\/\/sitetab3.ac-reims.fr\/lp-emile-baudot\/-wp-\/wp-json\/wp\/v2\/comments?post=2036"}],"version-history":[{"count":5,"href":"https:\/\/sitetab3.ac-reims.fr\/lp-emile-baudot\/-wp-\/wp-json\/wp\/v2\/posts\/2036\/revisions"}],"predecessor-version":[{"id":2074,"href":"https:\/\/sitetab3.ac-reims.fr\/lp-emile-baudot\/-wp-\/wp-json\/wp\/v2\/posts\/2036\/revisions\/2074"}],"wp:attachment":[{"href":"https:\/\/sitetab3.ac-reims.fr\/lp-emile-baudot\/-wp-\/wp-json\/wp\/v2\/media?parent=2036"}],"wp:term":[{"taxonomy":"category","embeddable":true,"href":"https:\/\/sitetab3.ac-reims.fr\/lp-emile-baudot\/-wp-\/wp-json\/wp\/v2\/categories?post=2036"},{"taxonomy":"post_tag","embeddable":true,"href":"https:\/\/sitetab3.ac-reims.fr\/lp-emile-baudot\/-wp-\/wp-json\/wp\/v2\/tags?post=2036"}],"curies":[{"name":"wp","href":"https:\/\/api.w.org\/{rel}","templated":true}]}}