{"id":206,"date":"2013-01-15T11:48:42","date_gmt":"2013-01-15T10:48:42","guid":{"rendered":"http:\/\/sitetab3.ac-reims.fr\/lp-emile-baudot\/-wp-\/partenariats-professionnels\/"},"modified":"2021-11-08T10:37:17","modified_gmt":"2021-11-08T09:37:17","slug":"partenariats-professionnels","status":"publish","type":"post","link":"https:\/\/sitetab3.ac-reims.fr\/lp-emile-baudot\/-wp-\/partenariats-professionnels\/","title":{"rendered":"Partenariats professionnels"},"content":{"rendered":"\n\n<p>Cliquez sur l&rsquo;article qui vous interesse <br><\/p>\n\n\n<h2 class=\"wp-block-heading\">Documents joints<\/h2>\n\n\n\n<div class=\"wp-block-file\"><a href=\"http:\/\/sitetab3.ac-reims.fr\/lp-emile-baudot\/-wp-\/wp-content\/uploads\/andra2.pdf\">andra2<\/a><\/div>\n\n\n\n<div class=\"wp-block-file\"><a href=\"http:\/\/sitetab3.ac-reims.fr\/lp-emile-baudot\/-wp-\/wp-content\/uploads\/convention_afpan.pdf\">Convention AFPAN<\/a><\/div>\n\n\n\n<div class=\"wp-block-file\"><a href=\"http:\/\/sitetab3.ac-reims.fr\/lp-emile-baudot\/-wp-\/wp-content\/uploads\/primaires_semaine_du_gout.pdf\">Semaine du gout <\/a><\/div>\n\n\n\n<div class=\"wp-block-file\"><a href=\"http:\/\/sitetab3.ac-reims.fr\/lp-emile-baudot\/-wp-\/wp-content\/uploads\/telethon1.pdf\">telethon1<\/a><\/div>\n\n\n\n<div class=\"wp-block-file\"><a href=\"http:\/\/sitetab3.ac-reims.fr\/lp-emile-baudot\/-wp-\/wp-content\/uploads\/telethon2.pdf\">telethon2<\/a><\/div>\n\n\n\n<div class=\"wp-block-file\"><a href=\"http:\/\/sitetab3.ac-reims.fr\/lp-emile-baudot\/-wp-\/wp-content\/uploads\/telethon3.pdf\">telethon3<\/a><\/div>\n\n\n\n<div class=\"wp-block-file\"><a href=\"http:\/\/sitetab3.ac-reims.fr\/lp-emile-baudot\/-wp-\/wp-content\/uploads\/telethon4.pdf\">telethon4<\/a><\/div>\n\n\n\n<div class=\"wp-block-file\"><a href=\"http:\/\/sitetab3.ac-reims.fr\/lp-emile-baudot\/-wp-\/wp-content\/uploads\/TP_AFPAN.pdf\">TP AFPAN<\/a><\/div>\n\n\n\n<div class=\"wp-block-file\"><a href=\"http:\/\/sitetab3.ac-reims.fr\/lp-emile-baudot\/-wp-\/wp-content\/uploads\/venue_du_cirfa_marine.pdf\">Cirfa marine<\/a><\/div>\n\n\n\n<div class=\"wp-block-file\"><a href=\"http:\/\/sitetab3.ac-reims.fr\/lp-emile-baudot\/-wp-\/wp-content\/uploads\/visite_stef.pdf\">Visite Stef<\/a><\/div>\n\n\n\n<div class=\"wp-block-file\"><a href=\"http:\/\/sitetab3.ac-reims.fr\/lp-emile-baudot\/-wp-\/wp-content\/uploads\/andra.pdf\">Andra1<\/a><\/div>\n\n\n\n<div class=\"wp-block-file\"><a href=\"http:\/\/sitetab3.ac-reims.fr\/lp-emile-baudot\/-wp-\/wp-content\/uploads\/12022013conventionconforama.pdf\">Convention conforama<\/a><\/div>\n\n\n\n<div class=\"wp-block-file\"><a href=\"http:\/\/sitetab3.ac-reims.fr\/lp-emile-baudot\/-wp-\/wp-content\/uploads\/14022013TPForgerie.pdf\">TP forgerie<\/a><\/div>\n\n\n\n<div class=\"wp-block-file\"><a href=\"http:\/\/sitetab3.ac-reims.fr\/lp-emile-baudot\/-wp-\/wp-content\/uploads\/Administration_penitentiaire.pdf\">Administration p\u00e9nitentiaire<\/a><\/div>\n\n\n\n<div class=\"wp-block-file\"><a href=\"http:\/\/sitetab3.ac-reims.fr\/lp-emile-baudot\/-wp-\/wp-content\/uploads\/Armee_de_terre.pdf\">Arm\u00e9e de terre<\/a><\/div>\n\n\n\n<div class=\"wp-block-file\"><a href=\"http:\/\/sitetab3.ac-reims.fr\/lp-emile-baudot\/-wp-\/wp-content\/uploads\/candidats_gav.pdf\">Candidats GAV<\/a><\/div>\n\n\n\n<div class=\"wp-block-file\"><a href=\"http:\/\/sitetab3.ac-reims.fr\/lp-emile-baudot\/-wp-\/wp-content\/uploads\/forum_armee.pdf\">Forum arm\u00e9e<\/a><\/div>\n\n\n\n<div class=\"wp-block-file\"><a href=\"http:\/\/sitetab3.ac-reims.fr\/lp-emile-baudot\/-wp-\/wp-content\/uploads\/Hopital_de_chaumont.pdf\">Hopital chaumont<\/a><\/div>\n\n\n\n<div class=\"wp-block-file\"><a href=\"http:\/\/sitetab3.ac-reims.fr\/lp-emile-baudot\/-wp-\/wp-content\/uploads\/mini_entreprise.pdf\">Mini entreprise<\/a><\/div>\n\n\n\n<div class=\"wp-block-file\"><a href=\"http:\/\/sitetab3.ac-reims.fr\/lp-emile-baudot\/-wp-\/wp-content\/uploads\/visite_leclerc_drive.pdf\">Visite leclerc drive<\/a><\/div>\n\n\n\n<div class=\"wp-block-file\"><a href=\"http:\/\/sitetab3.ac-reims.fr\/lp-emile-baudot\/-wp-\/wp-content\/uploads\/Bricodepot_securite.pdf\">Bricod\u00e9pot S\u00e9curit\u00e9<\/a><\/div>\n\n\n\n<div class=\"wp-block-file\"><a href=\"http:\/\/sitetab3.ac-reims.fr\/lp-emile-baudot\/-wp-\/wp-content\/uploads\/Cap_ATMFC_a_l_hopital_de_Joinville.pdf\">Cap Atmfc Hopital de Joinville<\/a><\/div>\n\n\n\n<div class=\"wp-block-file\"><a href=\"http:\/\/sitetab3.ac-reims.fr\/lp-emile-baudot\/-wp-\/wp-content\/uploads\/Mini_entreprise.pdf\">Mini entreprise suite<\/a><\/div>\n\n\n\n<div class=\"wp-block-file\"><a href=\"http:\/\/sitetab3.ac-reims.fr\/lp-emile-baudot\/-wp-\/wp-content\/uploads\/Mini_entreprise_suite.pdf\">Mini entreprise suite<\/a><\/div>\n\n\n\n<div class=\"wp-block-file\"><a href=\"http:\/\/sitetab3.ac-reims.fr\/lp-emile-baudot\/-wp-\/wp-content\/uploads\/Stage_gendarmerie_Bac_pro_secu.pdf\">Stage gendarmerie bac pro s\u00e9cu<\/a><\/div>\n\n\n\n<div class=\"wp-block-file\"><a href=\"http:\/\/sitetab3.ac-reims.fr\/lp-emile-baudot\/-wp-\/wp-content\/uploads\/ATMFC_Hopital_suite_2.pdf\">ATMFC H\u00f4pital<\/a><\/div>\n\n\n\n<div class=\"wp-block-file\"><a href=\"http:\/\/sitetab3.ac-reims.fr\/lp-emile-baudot\/-wp-\/wp-content\/uploads\/ATMFC_Hopital_suite_3.pdf\">ATMFC H\u00f4pital<\/a><\/div>\n\n\n\n<div class=\"wp-block-file\"><a href=\"http:\/\/sitetab3.ac-reims.fr\/lp-emile-baudot\/-wp-\/wp-content\/uploads\/ATMFC_Hopital_suite.pdf\">ATMFC H\u00f4pital<\/a><\/div>\n\n\n\n<div class=\"wp-block-file\"><a href=\"http:\/\/sitetab3.ac-reims.fr\/lp-emile-baudot\/-wp-\/wp-content\/uploads\/Convention_Ageem.pdf\">Convention Ageem<\/a><\/div>\n\n\n\n<div class=\"wp-block-file\"><a href=\"http:\/\/sitetab3.ac-reims.fr\/lp-emile-baudot\/-wp-\/wp-content\/uploads\/Convention_Cora.pdf\">Convention Cora<\/a><\/div>\n\n\n\n<div class=\"wp-block-file\"><a href=\"http:\/\/sitetab3.ac-reims.fr\/lp-emile-baudot\/-wp-\/wp-content\/uploads\/Metiers_de_la_gendarmerie.pdf\">M\u00e9tiers de la gendarmerie<\/a><\/div>\n\n\n\n<div class=\"wp-block-file\"><a href=\"http:\/\/sitetab3.ac-reims.fr\/lp-emile-baudot\/-wp-\/wp-content\/uploads\/Mini_entreprise_suite_2.pdf\">Mini entreprise<\/a><\/div>\n\n\n\n<div class=\"wp-block-file\"><a href=\"http:\/\/sitetab3.ac-reims.fr\/lp-emile-baudot\/-wp-\/wp-content\/uploads\/Mini_Entreprise_suite.pdf\">Mini entreprise<\/a><\/div>\n\n\n\n<div class=\"wp-block-file\"><a href=\"http:\/\/sitetab3.ac-reims.fr\/lp-emile-baudot\/-wp-\/wp-content\/uploads\/Securite_Douanes.pdf\">Douanes<\/a><\/div>\n\n\n\n<div class=\"wp-block-file\"><a href=\"http:\/\/sitetab3.ac-reims.fr\/lp-emile-baudot\/-wp-\/wp-content\/uploads\/Securite_Bure.pdf\">Andra Bure<\/a><\/div>\n\n\n\n<div class=\"wp-block-file\"><a href=\"http:\/\/sitetab3.ac-reims.fr\/lp-emile-baudot\/-wp-\/wp-content\/uploads\/Securite_camion_de_feu.pdf\">EDF camion de feu<\/a><\/div>\n\n\n\n<div class=\"wp-block-file\"><a href=\"http:\/\/sitetab3.ac-reims.fr\/lp-emile-baudot\/-wp-\/wp-content\/uploads\/Securite_pietons_avises_.pdf\">Pi\u00e9tons avis\u00e9s<\/a><\/div>\n\n\n\n<div class=\"wp-block-file\"><a href=\"http:\/\/sitetab3.ac-reims.fr\/lp-emile-baudot\/-wp-\/wp-content\/uploads\/TP_securite_Rugby.pdf\">Rugby<\/a><\/div>\n\n\n","protected":false},"excerpt":{"rendered":"<p>Cliquez sur l&rsquo;article qui vous interesse Documents joints<\/p>\n","protected":false},"author":1,"featured_media":0,"comment_status":"closed","ping_status":"open","sticky":false,"template":"","format":"standard","meta":{"ngg_post_thumbnail":0,"footnotes":""},"categories":[45],"tags":[],"_links":{"self":[{"href":"https:\/\/sitetab3.ac-reims.fr\/lp-emile-baudot\/-wp-\/wp-json\/wp\/v2\/posts\/206"}],"collection":[{"href":"https:\/\/sitetab3.ac-reims.fr\/lp-emile-baudot\/-wp-\/wp-json\/wp\/v2\/posts"}],"about":[{"href":"https:\/\/sitetab3.ac-reims.fr\/lp-emile-baudot\/-wp-\/wp-json\/wp\/v2\/types\/post"}],"author":[{"embeddable":true,"href":"https:\/\/sitetab3.ac-reims.fr\/lp-emile-baudot\/-wp-\/wp-json\/wp\/v2\/users\/1"}],"replies":[{"embeddable":true,"href":"https:\/\/sitetab3.ac-reims.fr\/lp-emile-baudot\/-wp-\/wp-json\/wp\/v2\/comments?post=206"}],"version-history":[{"count":1,"href":"https:\/\/sitetab3.ac-reims.fr\/lp-emile-baudot\/-wp-\/wp-json\/wp\/v2\/posts\/206\/revisions"}],"predecessor-version":[{"id":245,"href":"https:\/\/sitetab3.ac-reims.fr\/lp-emile-baudot\/-wp-\/wp-json\/wp\/v2\/posts\/206\/revisions\/245"}],"wp:attachment":[{"href":"https:\/\/sitetab3.ac-reims.fr\/lp-emile-baudot\/-wp-\/wp-json\/wp\/v2\/media?parent=206"}],"wp:term":[{"taxonomy":"category","embeddable":true,"href":"https:\/\/sitetab3.ac-reims.fr\/lp-emile-baudot\/-wp-\/wp-json\/wp\/v2\/categories?post=206"},{"taxonomy":"post_tag","embeddable":true,"href":"https:\/\/sitetab3.ac-reims.fr\/lp-emile-baudot\/-wp-\/wp-json\/wp\/v2\/tags?post=206"}],"curies":[{"name":"wp","href":"https:\/\/api.w.org\/{rel}","templated":true}]}}