{"id":2142,"date":"2024-04-15T12:18:05","date_gmt":"2024-04-15T10:18:05","guid":{"rendered":"https:\/\/sitetab3.ac-reims.fr\/lp-emile-baudot\/-wp-\/?p=2142"},"modified":"2025-04-29T15:47:18","modified_gmt":"2025-04-29T13:47:18","slug":"classe-engagee-participation-au-snu","status":"publish","type":"post","link":"https:\/\/sitetab3.ac-reims.fr\/lp-emile-baudot\/-wp-\/classe-engagee-participation-au-snu\/","title":{"rendered":"Classe engag\u00e9e : participation au SNU"},"content":{"rendered":"\n<p>Du 11 au 23 mars 2024, la classe engag\u00e9e, compos\u00e9e des \u00e9l\u00e8ves de 2BPMS, a particip\u00e9 au Service National Universel (SNU) \u00e0 Bussang, dans les Vosges. <\/p>\n\n\n\n<p>Afin de partager leur exp\u00e9rience, les \u00e9l\u00e8ves ont r\u00e9dig\u00e9 un article. <\/p>\n\n\n\n<div class=\"wp-block-columns is-layout-flex wp-container-core-columns-is-layout-1 wp-block-columns-is-layout-flex\">\n<div class=\"wp-block-column is-layout-flow wp-block-column-is-layout-flow\">\n<figure class=\"wp-block-image size-large\"><a href=\"https:\/\/sitetab3.ac-reims.fr\/lp-emile-baudot\/-wp-\/wp-content\/uploads\/1-Article-de-presse-sur-le-snu-Classe-engagee-final_page-0001.jpg\" target=\"_blank\" rel=\"noopener\"><img loading=\"lazy\" decoding=\"async\" width=\"819\" height=\"1024\" src=\"https:\/\/sitetab3.ac-reims.fr\/lp-emile-baudot\/-wp-\/wp-content\/uploads\/1-Article-de-presse-sur-le-snu-Classe-engagee-final_page-0001-819x1024.jpg\" alt=\"\" class=\"wp-image-2143\" srcset=\"https:\/\/sitetab3.ac-reims.fr\/lp-emile-baudot\/-wp-\/wp-content\/uploads\/1-Article-de-presse-sur-le-snu-Classe-engagee-final_page-0001-819x1024.jpg 819w, https:\/\/sitetab3.ac-reims.fr\/lp-emile-baudot\/-wp-\/wp-content\/uploads\/1-Article-de-presse-sur-le-snu-Classe-engagee-final_page-0001-240x300.jpg 240w, https:\/\/sitetab3.ac-reims.fr\/lp-emile-baudot\/-wp-\/wp-content\/uploads\/1-Article-de-presse-sur-le-snu-Classe-engagee-final_page-0001-768x960.jpg 768w, https:\/\/sitetab3.ac-reims.fr\/lp-emile-baudot\/-wp-\/wp-content\/uploads\/1-Article-de-presse-sur-le-snu-Classe-engagee-final_page-0001-1229x1536.jpg 1229w, https:\/\/sitetab3.ac-reims.fr\/lp-emile-baudot\/-wp-\/wp-content\/uploads\/1-Article-de-presse-sur-le-snu-Classe-engagee-final_page-0001-1638x2048.jpg 1638w, https:\/\/sitetab3.ac-reims.fr\/lp-emile-baudot\/-wp-\/wp-content\/uploads\/1-Article-de-presse-sur-le-snu-Classe-engagee-final_page-0001.jpg 1688w\" sizes=\"(max-width: 819px) 100vw, 819px\" \/><\/a><\/figure>\n<\/div>\n\n\n\n<div class=\"wp-block-column is-layout-flow wp-block-column-is-layout-flow\">\n<figure class=\"wp-block-image size-large\"><a href=\"https:\/\/sitetab3.ac-reims.fr\/lp-emile-baudot\/-wp-\/wp-content\/uploads\/1-Article-de-presse-sur-le-snu-Classe-engagee-final_page-0002.jpg\" target=\"_blank\" rel=\"noopener\"><img loading=\"lazy\" decoding=\"async\" width=\"819\" height=\"1024\" src=\"https:\/\/sitetab3.ac-reims.fr\/lp-emile-baudot\/-wp-\/wp-content\/uploads\/1-Article-de-presse-sur-le-snu-Classe-engagee-final_page-0002-819x1024.jpg\" alt=\"\" class=\"wp-image-2144\" srcset=\"https:\/\/sitetab3.ac-reims.fr\/lp-emile-baudot\/-wp-\/wp-content\/uploads\/1-Article-de-presse-sur-le-snu-Classe-engagee-final_page-0002-819x1024.jpg 819w, https:\/\/sitetab3.ac-reims.fr\/lp-emile-baudot\/-wp-\/wp-content\/uploads\/1-Article-de-presse-sur-le-snu-Classe-engagee-final_page-0002-240x300.jpg 240w, https:\/\/sitetab3.ac-reims.fr\/lp-emile-baudot\/-wp-\/wp-content\/uploads\/1-Article-de-presse-sur-le-snu-Classe-engagee-final_page-0002-768x960.jpg 768w, https:\/\/sitetab3.ac-reims.fr\/lp-emile-baudot\/-wp-\/wp-content\/uploads\/1-Article-de-presse-sur-le-snu-Classe-engagee-final_page-0002-1229x1536.jpg 1229w, https:\/\/sitetab3.ac-reims.fr\/lp-emile-baudot\/-wp-\/wp-content\/uploads\/1-Article-de-presse-sur-le-snu-Classe-engagee-final_page-0002-1638x2048.jpg 1638w, https:\/\/sitetab3.ac-reims.fr\/lp-emile-baudot\/-wp-\/wp-content\/uploads\/1-Article-de-presse-sur-le-snu-Classe-engagee-final_page-0002.jpg 1688w\" sizes=\"(max-width: 819px) 100vw, 819px\" \/><\/a><\/figure>\n<\/div>\n<\/div>\n\n\n\n<div class=\"wp-block-columns is-layout-flex wp-container-core-columns-is-layout-2 wp-block-columns-is-layout-flex\">\n<div class=\"wp-block-column is-layout-flow wp-block-column-is-layout-flow\">\n<figure class=\"wp-block-image size-large\"><a href=\"https:\/\/sitetab3.ac-reims.fr\/lp-emile-baudot\/-wp-\/wp-content\/uploads\/1-Article-de-presse-sur-le-snu-Classe-engagee-final_page-0003.jpg\" target=\"_blank\" rel=\"noopener\"><img loading=\"lazy\" decoding=\"async\" width=\"819\" height=\"1024\" src=\"https:\/\/sitetab3.ac-reims.fr\/lp-emile-baudot\/-wp-\/wp-content\/uploads\/1-Article-de-presse-sur-le-snu-Classe-engagee-final_page-0003-819x1024.jpg\" alt=\"\" class=\"wp-image-2145\" srcset=\"https:\/\/sitetab3.ac-reims.fr\/lp-emile-baudot\/-wp-\/wp-content\/uploads\/1-Article-de-presse-sur-le-snu-Classe-engagee-final_page-0003-819x1024.jpg 819w, https:\/\/sitetab3.ac-reims.fr\/lp-emile-baudot\/-wp-\/wp-content\/uploads\/1-Article-de-presse-sur-le-snu-Classe-engagee-final_page-0003-240x300.jpg 240w, https:\/\/sitetab3.ac-reims.fr\/lp-emile-baudot\/-wp-\/wp-content\/uploads\/1-Article-de-presse-sur-le-snu-Classe-engagee-final_page-0003-768x960.jpg 768w, https:\/\/sitetab3.ac-reims.fr\/lp-emile-baudot\/-wp-\/wp-content\/uploads\/1-Article-de-presse-sur-le-snu-Classe-engagee-final_page-0003-1229x1536.jpg 1229w, https:\/\/sitetab3.ac-reims.fr\/lp-emile-baudot\/-wp-\/wp-content\/uploads\/1-Article-de-presse-sur-le-snu-Classe-engagee-final_page-0003-1638x2048.jpg 1638w, https:\/\/sitetab3.ac-reims.fr\/lp-emile-baudot\/-wp-\/wp-content\/uploads\/1-Article-de-presse-sur-le-snu-Classe-engagee-final_page-0003.jpg 1688w\" sizes=\"(max-width: 819px) 100vw, 819px\" \/><\/a><\/figure>\n<\/div>\n\n\n\n<div class=\"wp-block-column is-layout-flow wp-block-column-is-layout-flow\">\n<figure class=\"wp-block-image size-large\"><a href=\"https:\/\/sitetab3.ac-reims.fr\/lp-emile-baudot\/-wp-\/wp-content\/uploads\/1-Article-de-presse-sur-le-snu-Classe-engagee-final_page-0004.jpg\" target=\"_blank\" rel=\"noopener\"><img loading=\"lazy\" decoding=\"async\" width=\"819\" height=\"1024\" src=\"https:\/\/sitetab3.ac-reims.fr\/lp-emile-baudot\/-wp-\/wp-content\/uploads\/1-Article-de-presse-sur-le-snu-Classe-engagee-final_page-0004-819x1024.jpg\" alt=\"\" class=\"wp-image-2146\" srcset=\"https:\/\/sitetab3.ac-reims.fr\/lp-emile-baudot\/-wp-\/wp-content\/uploads\/1-Article-de-presse-sur-le-snu-Classe-engagee-final_page-0004-819x1024.jpg 819w, https:\/\/sitetab3.ac-reims.fr\/lp-emile-baudot\/-wp-\/wp-content\/uploads\/1-Article-de-presse-sur-le-snu-Classe-engagee-final_page-0004-240x300.jpg 240w, https:\/\/sitetab3.ac-reims.fr\/lp-emile-baudot\/-wp-\/wp-content\/uploads\/1-Article-de-presse-sur-le-snu-Classe-engagee-final_page-0004-768x960.jpg 768w, https:\/\/sitetab3.ac-reims.fr\/lp-emile-baudot\/-wp-\/wp-content\/uploads\/1-Article-de-presse-sur-le-snu-Classe-engagee-final_page-0004-1229x1536.jpg 1229w, https:\/\/sitetab3.ac-reims.fr\/lp-emile-baudot\/-wp-\/wp-content\/uploads\/1-Article-de-presse-sur-le-snu-Classe-engagee-final_page-0004-1638x2048.jpg 1638w, https:\/\/sitetab3.ac-reims.fr\/lp-emile-baudot\/-wp-\/wp-content\/uploads\/1-Article-de-presse-sur-le-snu-Classe-engagee-final_page-0004.jpg 1688w\" sizes=\"(max-width: 819px) 100vw, 819px\" \/><\/a><\/figure>\n<\/div>\n<\/div>\n","protected":false},"excerpt":{"rendered":"<p>Du 11 au 23 mars 2024, la classe engag\u00e9e, compos\u00e9e des \u00e9l\u00e8ves de 2BPMS, a particip\u00e9 au Service National Universel (SNU) \u00e0 Bussang, dans les Vosges. Afin de partager leur exp\u00e9rience, les \u00e9l\u00e8ves ont r\u00e9dig\u00e9 un article.<\/p>\n","protected":false},"author":9,"featured_media":0,"comment_status":"closed","ping_status":"closed","sticky":false,"template":"","format":"standard","meta":{"ngg_post_thumbnail":0,"footnotes":""},"categories":[85,1],"tags":[],"_links":{"self":[{"href":"https:\/\/sitetab3.ac-reims.fr\/lp-emile-baudot\/-wp-\/wp-json\/wp\/v2\/posts\/2142"}],"collection":[{"href":"https:\/\/sitetab3.ac-reims.fr\/lp-emile-baudot\/-wp-\/wp-json\/wp\/v2\/posts"}],"about":[{"href":"https:\/\/sitetab3.ac-reims.fr\/lp-emile-baudot\/-wp-\/wp-json\/wp\/v2\/types\/post"}],"author":[{"embeddable":true,"href":"https:\/\/sitetab3.ac-reims.fr\/lp-emile-baudot\/-wp-\/wp-json\/wp\/v2\/users\/9"}],"replies":[{"embeddable":true,"href":"https:\/\/sitetab3.ac-reims.fr\/lp-emile-baudot\/-wp-\/wp-json\/wp\/v2\/comments?post=2142"}],"version-history":[{"count":3,"href":"https:\/\/sitetab3.ac-reims.fr\/lp-emile-baudot\/-wp-\/wp-json\/wp\/v2\/posts\/2142\/revisions"}],"predecessor-version":[{"id":2151,"href":"https:\/\/sitetab3.ac-reims.fr\/lp-emile-baudot\/-wp-\/wp-json\/wp\/v2\/posts\/2142\/revisions\/2151"}],"wp:attachment":[{"href":"https:\/\/sitetab3.ac-reims.fr\/lp-emile-baudot\/-wp-\/wp-json\/wp\/v2\/media?parent=2142"}],"wp:term":[{"taxonomy":"category","embeddable":true,"href":"https:\/\/sitetab3.ac-reims.fr\/lp-emile-baudot\/-wp-\/wp-json\/wp\/v2\/categories?post=2142"},{"taxonomy":"post_tag","embeddable":true,"href":"https:\/\/sitetab3.ac-reims.fr\/lp-emile-baudot\/-wp-\/wp-json\/wp\/v2\/tags?post=2142"}],"curies":[{"name":"wp","href":"https:\/\/api.w.org\/{rel}","templated":true}]}}