{"id":2161,"date":"2024-05-06T10:27:59","date_gmt":"2024-05-06T08:27:59","guid":{"rendered":"https:\/\/sitetab3.ac-reims.fr\/lp-emile-baudot\/-wp-\/?p=2161"},"modified":"2025-04-29T15:47:12","modified_gmt":"2025-04-29T13:47:12","slug":"sorties-pedagogiques-a-troyes","status":"publish","type":"post","link":"https:\/\/sitetab3.ac-reims.fr\/lp-emile-baudot\/-wp-\/sorties-pedagogiques-a-troyes\/","title":{"rendered":"Sorties p\u00e9dagogiques \u00e0 Troyes"},"content":{"rendered":"<p>Le lundi 25 mars, les \u00e9l\u00e8ves de 2BPMRC et de TBPMS ont b\u00e9n\u00e9fici\u00e9 d&rsquo;une sortie p\u00e9dagogique \u00e0 Troyes.<\/p>\n<p><strong>2BPMRC : A la d\u00e9couverte d&rsquo;enseignes<\/strong><\/p>\n<p class=\"normal\">Les 30 \u00e9l\u00e8ves de la classe de 2BPMRC ont r\u00e9alis\u00e9 un TP autour du centre McArthurGlen, en compagnie de leur professeure Mme Plan\u00e7on. Pour un certain nombre d&rsquo;entre eux, il s&rsquo;agissait d&rsquo;une premi\u00e8re visite dans un tel centre.&nbsp;<\/p>\n<p>Le matin, ils ont commenc\u00e9 par un travail sur le centre en g\u00e9n\u00e9ral (nombre de boutiques, services offerts&#8230;). Apr\u00e8s la pause m\u00e9ridienne, ils ont r\u00e9alis\u00e9 des recherches d&rsquo;informations aupr\u00e8s de vendeurs sur une enseigne par \u00e9l\u00e8ve, choisie au pr\u00e9alable. Les informations recueillies feront l&rsquo;objet d&rsquo;expos\u00e9s. Une journ\u00e9e riche en d\u00e9couvertes : le principe des magasins d&rsquo;usine et de nombreuses enseignes pr\u00e9sentes sur le site.&nbsp;&nbsp;<\/p>\n<p>&nbsp;<\/p>\n\n\n<figure class=\"wp-block-image size-full\"><img loading=\"lazy\" decoding=\"async\" width=\"347\" height=\"260\" src=\"https:\/\/sitetab3.ac-reims.fr\/lp-emile-baudot\/-wp-\/wp-content\/uploads\/Image1.jpg\" alt=\"\" class=\"wp-image-2162\" srcset=\"https:\/\/sitetab3.ac-reims.fr\/lp-emile-baudot\/-wp-\/wp-content\/uploads\/Image1.jpg 347w, https:\/\/sitetab3.ac-reims.fr\/lp-emile-baudot\/-wp-\/wp-content\/uploads\/Image1-300x225.jpg 300w\" sizes=\"(max-width: 347px) 100vw, 347px\" \/><\/figure>\n\n\n<p><strong>TBPMS : A la rencontre de professionnels de la s\u00e9curit\u00e9<\/strong><\/p>\n<p>Quant aux \u00e9l\u00e8ves de Terminale BPMS, accompagn\u00e9s de leurs professeurs Mme Herter et M. Degardin, ils ont visit\u00e9 dans un premier temps&nbsp;le stade de l&rsquo;Aube afin de d\u00e9couvrir comment y est organis\u00e9e la s\u00e9curit\u00e9. Lors de cette visite les \u00e9l\u00e8ves ont pu acqu\u00e9rir diverses connaissances sur la s\u00e9curit\u00e9. Ces derniers ont pu visiter l&rsquo;ensemble du stade et \u00e9changer avec le responsable s\u00e9curit\u00e9. Sur place, se trouve \u00e9galement l&rsquo;\u00e9cole nationale de s\u00e9curit\u00e9.&nbsp;<\/p>\n<p>Dans un second&nbsp;temps, les \u00e9l\u00e8ves se sont rendus sur le site McArthurGlen. Ils ont pu observer les diff\u00e9rents aspects de la s\u00e9curit\u00e9 du site, tels que la s\u00e9curit\u00e9 incendie et la malveillance par exemple. Les \u00e9changes avec le chef d&rsquo;\u00e9quipe de la s\u00e9curit\u00e9 incendie ont \u00e9t\u00e9 tr\u00e8s instructifs.&nbsp;<\/p>\n<p>&nbsp;<\/p>\n\n\n<figure class=\"wp-block-image size-full\"><img loading=\"lazy\" decoding=\"async\" width=\"480\" height=\"360\" src=\"https:\/\/sitetab3.ac-reims.fr\/lp-emile-baudot\/-wp-\/wp-content\/uploads\/IMG_20240415_093611.jpg\" alt=\"\" class=\"wp-image-2163\" srcset=\"https:\/\/sitetab3.ac-reims.fr\/lp-emile-baudot\/-wp-\/wp-content\/uploads\/IMG_20240415_093611.jpg 480w, https:\/\/sitetab3.ac-reims.fr\/lp-emile-baudot\/-wp-\/wp-content\/uploads\/IMG_20240415_093611-300x225.jpg 300w\" sizes=\"(max-width: 480px) 100vw, 480px\" \/><\/figure>\n","protected":false},"excerpt":{"rendered":"<p>Le lundi 25 mars, les \u00e9l\u00e8ves de 2BPMRC et de TBPMS ont b\u00e9n\u00e9fici\u00e9 d&rsquo;une sortie p\u00e9dagogique \u00e0 Troyes. 2BPMRC : A la d\u00e9couverte d&rsquo;enseignes Les 30 \u00e9l\u00e8ves de la classe de 2BPMRC ont r\u00e9alis\u00e9 un TP autour du centre McArthurGlen, en compagnie de leur professeure Mme Plan\u00e7on. Pour un certain nombre d&rsquo;entre eux, il s&rsquo;agissait [&hellip;]<\/p>\n","protected":false},"author":9,"featured_media":0,"comment_status":"closed","ping_status":"open","sticky":false,"template":"","format":"standard","meta":{"ngg_post_thumbnail":0,"footnotes":""},"categories":[85],"tags":[],"_links":{"self":[{"href":"https:\/\/sitetab3.ac-reims.fr\/lp-emile-baudot\/-wp-\/wp-json\/wp\/v2\/posts\/2161"}],"collection":[{"href":"https:\/\/sitetab3.ac-reims.fr\/lp-emile-baudot\/-wp-\/wp-json\/wp\/v2\/posts"}],"about":[{"href":"https:\/\/sitetab3.ac-reims.fr\/lp-emile-baudot\/-wp-\/wp-json\/wp\/v2\/types\/post"}],"author":[{"embeddable":true,"href":"https:\/\/sitetab3.ac-reims.fr\/lp-emile-baudot\/-wp-\/wp-json\/wp\/v2\/users\/9"}],"replies":[{"embeddable":true,"href":"https:\/\/sitetab3.ac-reims.fr\/lp-emile-baudot\/-wp-\/wp-json\/wp\/v2\/comments?post=2161"}],"version-history":[{"count":1,"href":"https:\/\/sitetab3.ac-reims.fr\/lp-emile-baudot\/-wp-\/wp-json\/wp\/v2\/posts\/2161\/revisions"}],"predecessor-version":[{"id":2164,"href":"https:\/\/sitetab3.ac-reims.fr\/lp-emile-baudot\/-wp-\/wp-json\/wp\/v2\/posts\/2161\/revisions\/2164"}],"wp:attachment":[{"href":"https:\/\/sitetab3.ac-reims.fr\/lp-emile-baudot\/-wp-\/wp-json\/wp\/v2\/media?parent=2161"}],"wp:term":[{"taxonomy":"category","embeddable":true,"href":"https:\/\/sitetab3.ac-reims.fr\/lp-emile-baudot\/-wp-\/wp-json\/wp\/v2\/categories?post=2161"},{"taxonomy":"post_tag","embeddable":true,"href":"https:\/\/sitetab3.ac-reims.fr\/lp-emile-baudot\/-wp-\/wp-json\/wp\/v2\/tags?post=2161"}],"curies":[{"name":"wp","href":"https:\/\/api.w.org\/{rel}","templated":true}]}}