{"id":2168,"date":"2024-05-06T11:13:23","date_gmt":"2024-05-06T09:13:23","guid":{"rendered":"https:\/\/sitetab3.ac-reims.fr\/lp-emile-baudot\/-wp-\/?p=2168"},"modified":"2025-04-29T15:47:07","modified_gmt":"2025-04-29T13:47:07","slug":"cinejustice-justice-et-reparation","status":"publish","type":"post","link":"https:\/\/sitetab3.ac-reims.fr\/lp-emile-baudot\/-wp-\/cinejustice-justice-et-reparation\/","title":{"rendered":"Cin\u00e9justice : \u00ab\u00a0Justice et R\u00e9paration\u00a0\u00bb"},"content":{"rendered":"<p>Comme chaque ann\u00e9e, ce vendredi 29 mars, les \u00e9l\u00e8ves du lyc\u00e9e professionnel \u00c9mile Baudot (Terminales Bac pro M\u00e9tiers de la S\u00e9curit\u00e9, Premi\u00e8re et Seconde ann\u00e9es de BTS Management Op\u00e9rationnel de la S\u00e9curit\u00e9) ont particip\u00e9 au dispositif Cin\u00e9justice organis\u00e9 par le CDAD (Conseil D\u00e9partemental de l\u2019Acc\u00e8s au Droit) au Cin\u00e9quai de Saint-Dizier. Cette ann\u00e9e, les \u00e9l\u00e8ves se sont int\u00e9ress\u00e9s \u00e0 la justice restaurative et ont r\u00e9alis\u00e9 des recherches pour mieux comprendre ce que c&rsquo;\u00e9tait. Apr\u00e8s avoir visionn\u00e9 le film&nbsp;<em>Je verrai toujours vos visages<\/em>, ils ont interrog\u00e9 et \u00e9chang\u00e9 avec une psychologue de l&rsquo;ADAJ (association d\u00e9partementale alternatives judiciaires), deux m\u00e9diatrices form\u00e9es \u00e0 la justice restaurative travaillant \u00e0 la PJJ (protection judiciaire de la jeunesse) et une avocate du barreau. Cette action a permis aux \u00e9l\u00e8ves de d\u00e9couvrir un aspect peu connu de la justice, car peu d\u00e9ploy\u00e9e en France, et de s&rsquo;interroger sur la place de la parole dans la r\u00e9paration des victimes et des auteurs d&rsquo;infraction, mais aussi dans la r\u00e9paration du lien social.<\/p>\n\n\n<div class=\"wp-block-columns is-layout-flex wp-container-core-columns-is-layout-1 wp-block-columns-is-layout-flex\">\n<div class=\"wp-block-column is-layout-flow wp-block-column-is-layout-flow\">\n<figure class=\"wp-block-image size-full\"><img loading=\"lazy\" decoding=\"async\" width=\"285\" height=\"380\" src=\"http:\/\/sitetab3.ac-reims.fr\/lp-emile-baudot\/-wp-\/wp-content\/uploads\/JE-VERRAI-TOUJOURS-VOS-VISAGES.jpg\" alt=\"\" class=\"wp-image-2166\" srcset=\"https:\/\/sitetab3.ac-reims.fr\/lp-emile-baudot\/-wp-\/wp-content\/uploads\/JE-VERRAI-TOUJOURS-VOS-VISAGES.jpg 285w, https:\/\/sitetab3.ac-reims.fr\/lp-emile-baudot\/-wp-\/wp-content\/uploads\/JE-VERRAI-TOUJOURS-VOS-VISAGES-225x300.jpg 225w\" sizes=\"(max-width: 285px) 100vw, 285px\" \/><\/figure>\n<\/div>\n\n\n\n<div class=\"wp-block-column is-layout-flow wp-block-column-is-layout-flow\">\n<figure class=\"wp-block-image size-large\"><img loading=\"lazy\" decoding=\"async\" width=\"768\" height=\"1024\" src=\"http:\/\/sitetab3.ac-reims.fr\/lp-emile-baudot\/-wp-\/wp-content\/uploads\/Je-verrai-toujours-vos-visages-1-768x1024.jpg\" alt=\"\" class=\"wp-image-2167\" srcset=\"https:\/\/sitetab3.ac-reims.fr\/lp-emile-baudot\/-wp-\/wp-content\/uploads\/Je-verrai-toujours-vos-visages-1-768x1024.jpg 768w, https:\/\/sitetab3.ac-reims.fr\/lp-emile-baudot\/-wp-\/wp-content\/uploads\/Je-verrai-toujours-vos-visages-1-225x300.jpg 225w, https:\/\/sitetab3.ac-reims.fr\/lp-emile-baudot\/-wp-\/wp-content\/uploads\/Je-verrai-toujours-vos-visages-1-1152x1536.jpg 1152w, https:\/\/sitetab3.ac-reims.fr\/lp-emile-baudot\/-wp-\/wp-content\/uploads\/Je-verrai-toujours-vos-visages-1.jpg 1370w\" sizes=\"(max-width: 768px) 100vw, 768px\" \/><\/figure>\n<\/div>\n\n\n\n<div class=\"wp-block-column is-layout-flow wp-block-column-is-layout-flow\">\n<figure class=\"wp-block-image size-full is-resized\"><img loading=\"lazy\" decoding=\"async\" src=\"https:\/\/sitetab3.ac-reims.fr\/lp-emile-baudot\/-wp-\/wp-content\/uploads\/IMG_20240329_091311.jpg\" alt=\"\" class=\"wp-image-2169\" width=\"446\" height=\"334\" srcset=\"https:\/\/sitetab3.ac-reims.fr\/lp-emile-baudot\/-wp-\/wp-content\/uploads\/IMG_20240329_091311.jpg 500w, https:\/\/sitetab3.ac-reims.fr\/lp-emile-baudot\/-wp-\/wp-content\/uploads\/IMG_20240329_091311-300x225.jpg 300w\" sizes=\"(max-width: 446px) 100vw, 446px\" \/><\/figure>\n<\/div>\n<\/div>\n","protected":false},"excerpt":{"rendered":"<p>Comme chaque ann\u00e9e, ce vendredi 29 mars, les \u00e9l\u00e8ves du lyc\u00e9e professionnel \u00c9mile Baudot (Terminales Bac pro M\u00e9tiers de la S\u00e9curit\u00e9, Premi\u00e8re et Seconde ann\u00e9es de BTS Management Op\u00e9rationnel de la S\u00e9curit\u00e9) ont particip\u00e9 au dispositif Cin\u00e9justice organis\u00e9 par le CDAD (Conseil D\u00e9partemental de l\u2019Acc\u00e8s au Droit) au Cin\u00e9quai de Saint-Dizier. Cette ann\u00e9e, les \u00e9l\u00e8ves [&hellip;]<\/p>\n","protected":false},"author":9,"featured_media":0,"comment_status":"closed","ping_status":"open","sticky":false,"template":"","format":"standard","meta":{"ngg_post_thumbnail":0,"footnotes":""},"categories":[85],"tags":[],"_links":{"self":[{"href":"https:\/\/sitetab3.ac-reims.fr\/lp-emile-baudot\/-wp-\/wp-json\/wp\/v2\/posts\/2168"}],"collection":[{"href":"https:\/\/sitetab3.ac-reims.fr\/lp-emile-baudot\/-wp-\/wp-json\/wp\/v2\/posts"}],"about":[{"href":"https:\/\/sitetab3.ac-reims.fr\/lp-emile-baudot\/-wp-\/wp-json\/wp\/v2\/types\/post"}],"author":[{"embeddable":true,"href":"https:\/\/sitetab3.ac-reims.fr\/lp-emile-baudot\/-wp-\/wp-json\/wp\/v2\/users\/9"}],"replies":[{"embeddable":true,"href":"https:\/\/sitetab3.ac-reims.fr\/lp-emile-baudot\/-wp-\/wp-json\/wp\/v2\/comments?post=2168"}],"version-history":[{"count":1,"href":"https:\/\/sitetab3.ac-reims.fr\/lp-emile-baudot\/-wp-\/wp-json\/wp\/v2\/posts\/2168\/revisions"}],"predecessor-version":[{"id":2171,"href":"https:\/\/sitetab3.ac-reims.fr\/lp-emile-baudot\/-wp-\/wp-json\/wp\/v2\/posts\/2168\/revisions\/2171"}],"wp:attachment":[{"href":"https:\/\/sitetab3.ac-reims.fr\/lp-emile-baudot\/-wp-\/wp-json\/wp\/v2\/media?parent=2168"}],"wp:term":[{"taxonomy":"category","embeddable":true,"href":"https:\/\/sitetab3.ac-reims.fr\/lp-emile-baudot\/-wp-\/wp-json\/wp\/v2\/categories?post=2168"},{"taxonomy":"post_tag","embeddable":true,"href":"https:\/\/sitetab3.ac-reims.fr\/lp-emile-baudot\/-wp-\/wp-json\/wp\/v2\/tags?post=2168"}],"curies":[{"name":"wp","href":"https:\/\/api.w.org\/{rel}","templated":true}]}}