{"id":2174,"date":"2024-05-06T12:31:05","date_gmt":"2024-05-06T10:31:05","guid":{"rendered":"https:\/\/sitetab3.ac-reims.fr\/lp-emile-baudot\/-wp-\/?p=2174"},"modified":"2025-04-29T15:47:02","modified_gmt":"2025-04-29T13:47:02","slug":"rencontre-dauteur-fabienne-swiatly","status":"publish","type":"post","link":"https:\/\/sitetab3.ac-reims.fr\/lp-emile-baudot\/-wp-\/rencontre-dauteur-fabienne-swiatly\/","title":{"rendered":"Rencontre d&rsquo;auteur : Fabienne Swiatly"},"content":{"rendered":"<div id=\"corps\" class=\"p-like wysiwyg\">\n<p>Ce vendredi 19 avril, les \u00e9l\u00e8ves de 1\u00e8res CAP (AS et 2AGA) ont eu l&rsquo;opportunit\u00e9 de rencontrer l&rsquo;autrice Fabienne Swiatly, dans le cadre du dispositif \u00ab\u00a0Auteurs en lyc\u00e9e\u00a0\u00bb, organis\u00e9 par l&rsquo;association Interbibly. En classe de fran\u00e7ais, les \u00e9l\u00e8ves ont d\u00e9couvert et \u00e9tudi\u00e9 le roman, Sa\u00efd. Lors des cours, les \u00e9l\u00e8ves ont r\u00e9alis\u00e9 deux exercices d&rsquo;\u00e9criture : le r\u00e9sum\u00e9 de chapitres ou l&rsquo;\u00e9criture d&rsquo;invention \u00ab\u00a015 ans apr\u00e8s la fin de l&rsquo;histoire\u00a0\u00bb. Les \u00e9l\u00e8ves se sont montr\u00e9s int\u00e9ress\u00e9s et ont pos\u00e9 de nombreuses questions \u00e0 l&rsquo;autrice : notamment sur le fait que le roman soit autobiographique, sur son style d&rsquo;\u00e9criture, sur son parcours d&rsquo;\u00e9crivaine. Fabienne Swiatly a partag\u00e9 son exp\u00e9rience d&rsquo;\u00e9crivaine et de nomade et a lu \u00e0 voix haute des extraits de certains de ses romans. Certaines \u00e9l\u00e8ves ont \u00e9galement relev\u00e9 le d\u00e9fi de la lecture \u00e0 voix haute en partageant avec toute l&rsquo;assembl\u00e9e leur texte d&rsquo;\u00e9criture d&rsquo;invention \u00ab\u00a015 ans apr\u00e8s\u00a0\u00bb.&nbsp;<\/p>\n<p>Une rencontre riche en partages et en \u00e9changes !<\/p>\n<\/div>\n\n\n<div class=\"wp-block-columns is-layout-flex wp-container-core-columns-is-layout-1 wp-block-columns-is-layout-flex\">\n<div class=\"wp-block-column is-layout-flow wp-block-column-is-layout-flow\">\n<figure class=\"wp-block-image size-full\"><img loading=\"lazy\" decoding=\"async\" width=\"378\" height=\"600\" src=\"https:\/\/sitetab3.ac-reims.fr\/lp-emile-baudot\/-wp-\/wp-content\/uploads\/Said.jpg\" alt=\"\" class=\"wp-image-2178\" srcset=\"https:\/\/sitetab3.ac-reims.fr\/lp-emile-baudot\/-wp-\/wp-content\/uploads\/Said.jpg 378w, https:\/\/sitetab3.ac-reims.fr\/lp-emile-baudot\/-wp-\/wp-content\/uploads\/Said-189x300.jpg 189w\" sizes=\"(max-width: 378px) 100vw, 378px\" \/><\/figure>\n<\/div>\n\n\n\n<div class=\"wp-block-column is-layout-flow wp-block-column-is-layout-flow\">\n<figure class=\"wp-block-image size-large\"><img loading=\"lazy\" decoding=\"async\" width=\"768\" height=\"1024\" src=\"http:\/\/sitetab3.ac-reims.fr\/lp-emile-baudot\/-wp-\/wp-content\/uploads\/IMG_20240419_145352-768x1024.jpg\" alt=\"\" class=\"wp-image-2176\" srcset=\"https:\/\/sitetab3.ac-reims.fr\/lp-emile-baudot\/-wp-\/wp-content\/uploads\/IMG_20240419_145352-768x1024.jpg 768w, https:\/\/sitetab3.ac-reims.fr\/lp-emile-baudot\/-wp-\/wp-content\/uploads\/IMG_20240419_145352-225x300.jpg 225w, https:\/\/sitetab3.ac-reims.fr\/lp-emile-baudot\/-wp-\/wp-content\/uploads\/IMG_20240419_145352-1152x1536.jpg 1152w, https:\/\/sitetab3.ac-reims.fr\/lp-emile-baudot\/-wp-\/wp-content\/uploads\/IMG_20240419_145352-1536x2048.jpg 1536w, https:\/\/sitetab3.ac-reims.fr\/lp-emile-baudot\/-wp-\/wp-content\/uploads\/IMG_20240419_145352-scaled.jpg 1920w\" sizes=\"(max-width: 768px) 100vw, 768px\" \/><\/figure>\n<\/div>\n<\/div>\n\n\n\n<div class=\"wp-block-columns is-layout-flex wp-container-core-columns-is-layout-2 wp-block-columns-is-layout-flex\">\n<div class=\"wp-block-column is-layout-flow wp-block-column-is-layout-flow\">\n<figure class=\"wp-block-image size-large\"><img loading=\"lazy\" decoding=\"async\" width=\"1024\" height=\"768\" src=\"http:\/\/sitetab3.ac-reims.fr\/lp-emile-baudot\/-wp-\/wp-content\/uploads\/IMG_20240419_143553-1024x768.jpg\" alt=\"\" class=\"wp-image-2175\" srcset=\"https:\/\/sitetab3.ac-reims.fr\/lp-emile-baudot\/-wp-\/wp-content\/uploads\/IMG_20240419_143553-1024x768.jpg 1024w, https:\/\/sitetab3.ac-reims.fr\/lp-emile-baudot\/-wp-\/wp-content\/uploads\/IMG_20240419_143553-300x225.jpg 300w, https:\/\/sitetab3.ac-reims.fr\/lp-emile-baudot\/-wp-\/wp-content\/uploads\/IMG_20240419_143553-768x576.jpg 768w, https:\/\/sitetab3.ac-reims.fr\/lp-emile-baudot\/-wp-\/wp-content\/uploads\/IMG_20240419_143553-1536x1152.jpg 1536w, https:\/\/sitetab3.ac-reims.fr\/lp-emile-baudot\/-wp-\/wp-content\/uploads\/IMG_20240419_143553-2048x1536.jpg 2048w\" sizes=\"(max-width: 1024px) 100vw, 1024px\" \/><\/figure>\n<\/div>\n\n\n\n<div class=\"wp-block-column is-layout-flow wp-block-column-is-layout-flow\">\n<figure class=\"wp-block-image size-full\"><img loading=\"lazy\" decoding=\"async\" width=\"680\" height=\"630\" src=\"http:\/\/sitetab3.ac-reims.fr\/lp-emile-baudot\/-wp-\/wp-content\/uploads\/IMG_20240506_111549.jpg\" alt=\"\" class=\"wp-image-2177\" srcset=\"https:\/\/sitetab3.ac-reims.fr\/lp-emile-baudot\/-wp-\/wp-content\/uploads\/IMG_20240506_111549.jpg 680w, https:\/\/sitetab3.ac-reims.fr\/lp-emile-baudot\/-wp-\/wp-content\/uploads\/IMG_20240506_111549-300x278.jpg 300w\" sizes=\"(max-width: 680px) 100vw, 680px\" \/><\/figure>\n<\/div>\n<\/div>\n","protected":false},"excerpt":{"rendered":"<p>Ce vendredi 19 avril, les \u00e9l\u00e8ves de 1\u00e8res CAP (AS et 2AGA) ont eu l&rsquo;opportunit\u00e9 de rencontrer l&rsquo;autrice Fabienne Swiatly, dans le cadre du dispositif \u00ab\u00a0Auteurs en lyc\u00e9e\u00a0\u00bb, organis\u00e9 par l&rsquo;association Interbibly. En classe de fran\u00e7ais, les \u00e9l\u00e8ves ont d\u00e9couvert et \u00e9tudi\u00e9 le roman, Sa\u00efd. Lors des cours, les \u00e9l\u00e8ves ont r\u00e9alis\u00e9 deux exercices d&rsquo;\u00e9criture [&hellip;]<\/p>\n","protected":false},"author":9,"featured_media":0,"comment_status":"closed","ping_status":"open","sticky":false,"template":"","format":"standard","meta":{"ngg_post_thumbnail":0,"footnotes":""},"categories":[85],"tags":[],"_links":{"self":[{"href":"https:\/\/sitetab3.ac-reims.fr\/lp-emile-baudot\/-wp-\/wp-json\/wp\/v2\/posts\/2174"}],"collection":[{"href":"https:\/\/sitetab3.ac-reims.fr\/lp-emile-baudot\/-wp-\/wp-json\/wp\/v2\/posts"}],"about":[{"href":"https:\/\/sitetab3.ac-reims.fr\/lp-emile-baudot\/-wp-\/wp-json\/wp\/v2\/types\/post"}],"author":[{"embeddable":true,"href":"https:\/\/sitetab3.ac-reims.fr\/lp-emile-baudot\/-wp-\/wp-json\/wp\/v2\/users\/9"}],"replies":[{"embeddable":true,"href":"https:\/\/sitetab3.ac-reims.fr\/lp-emile-baudot\/-wp-\/wp-json\/wp\/v2\/comments?post=2174"}],"version-history":[{"count":1,"href":"https:\/\/sitetab3.ac-reims.fr\/lp-emile-baudot\/-wp-\/wp-json\/wp\/v2\/posts\/2174\/revisions"}],"predecessor-version":[{"id":2179,"href":"https:\/\/sitetab3.ac-reims.fr\/lp-emile-baudot\/-wp-\/wp-json\/wp\/v2\/posts\/2174\/revisions\/2179"}],"wp:attachment":[{"href":"https:\/\/sitetab3.ac-reims.fr\/lp-emile-baudot\/-wp-\/wp-json\/wp\/v2\/media?parent=2174"}],"wp:term":[{"taxonomy":"category","embeddable":true,"href":"https:\/\/sitetab3.ac-reims.fr\/lp-emile-baudot\/-wp-\/wp-json\/wp\/v2\/categories?post=2174"},{"taxonomy":"post_tag","embeddable":true,"href":"https:\/\/sitetab3.ac-reims.fr\/lp-emile-baudot\/-wp-\/wp-json\/wp\/v2\/tags?post=2174"}],"curies":[{"name":"wp","href":"https:\/\/api.w.org\/{rel}","templated":true}]}}