{"id":2200,"date":"2024-05-29T16:51:46","date_gmt":"2024-05-29T14:51:46","guid":{"rendered":"https:\/\/sitetab3.ac-reims.fr\/lp-emile-baudot\/-wp-\/?p=2200"},"modified":"2025-04-29T15:46:52","modified_gmt":"2025-04-29T13:46:52","slug":"une-sortie-a-paris","status":"publish","type":"post","link":"https:\/\/sitetab3.ac-reims.fr\/lp-emile-baudot\/-wp-\/une-sortie-a-paris\/","title":{"rendered":"Ravivage de la flamme sur la tombe du soldat inconnu"},"content":{"rendered":"<p>Le jeudi 30 mai, les \u00e9l\u00e8ves de 2BPMS, en tant que \u00ab\u00a0classe engag\u00e9e\u00a0\u00bb, sont all\u00e9s \u00e0 Paris pour participer \u00e0 la c\u00e9r\u00e9monie de ravivage de la flamme sur la tombe du soldat inconnu et visiter le mus\u00e9e des Arm\u00e9es des Invalides. Ils ont \u00e9t\u00e9 invit\u00e9s par l&rsquo;Union D\u00e9partementale de la m\u00e9daille de Haute-Marne, repr\u00e9sent\u00e9e par M. Fa\u00efs, Pr\u00e9sident de la section de Joinville-Wassy, \u00e0 d\u00e9poser des roses et une gerbe au pied de la tombe. Kylian A. a eu l&rsquo;honneur d&rsquo;\u00eatre d\u00e9sign\u00e9 porte-drapeau de l&rsquo;\u00e9tendard de la flamme.<\/p>\n\n\n<figure class=\"wp-block-image size-large\"><img loading=\"lazy\" decoding=\"async\" width=\"1024\" height=\"768\" src=\"http:\/\/sitetab3.ac-reims.fr\/lp-emile-baudot\/-wp-\/wp-content\/uploads\/Depot-gerbes-1024x768.png\" alt=\"\" class=\"wp-image-2214\" srcset=\"https:\/\/sitetab3.ac-reims.fr\/lp-emile-baudot\/-wp-\/wp-content\/uploads\/Depot-gerbes-1024x768.png 1024w, https:\/\/sitetab3.ac-reims.fr\/lp-emile-baudot\/-wp-\/wp-content\/uploads\/Depot-gerbes-300x225.png 300w, https:\/\/sitetab3.ac-reims.fr\/lp-emile-baudot\/-wp-\/wp-content\/uploads\/Depot-gerbes-768x576.png 768w, https:\/\/sitetab3.ac-reims.fr\/lp-emile-baudot\/-wp-\/wp-content\/uploads\/Depot-gerbes-1536x1152.png 1536w, https:\/\/sitetab3.ac-reims.fr\/lp-emile-baudot\/-wp-\/wp-content\/uploads\/Depot-gerbes-2048x1536.png 2048w\" sizes=\"(max-width: 1024px) 100vw, 1024px\" \/><\/figure>\n\n\n\n<figure class=\"wp-block-image size-large\"><img loading=\"lazy\" decoding=\"async\" width=\"724\" height=\"1024\" src=\"http:\/\/sitetab3.ac-reims.fr\/lp-emile-baudot\/-wp-\/wp-content\/uploads\/Photo-de-groupe-Arc-Triomphe-724x1024.jpg\" alt=\"\" class=\"wp-image-2219\" srcset=\"https:\/\/sitetab3.ac-reims.fr\/lp-emile-baudot\/-wp-\/wp-content\/uploads\/Photo-de-groupe-Arc-Triomphe-724x1024.jpg 724w, https:\/\/sitetab3.ac-reims.fr\/lp-emile-baudot\/-wp-\/wp-content\/uploads\/Photo-de-groupe-Arc-Triomphe-212x300.jpg 212w, https:\/\/sitetab3.ac-reims.fr\/lp-emile-baudot\/-wp-\/wp-content\/uploads\/Photo-de-groupe-Arc-Triomphe-768x1086.jpg 768w, https:\/\/sitetab3.ac-reims.fr\/lp-emile-baudot\/-wp-\/wp-content\/uploads\/Photo-de-groupe-Arc-Triomphe-1086x1536.jpg 1086w, https:\/\/sitetab3.ac-reims.fr\/lp-emile-baudot\/-wp-\/wp-content\/uploads\/Photo-de-groupe-Arc-Triomphe.jpg 1414w\" sizes=\"(max-width: 724px) 100vw, 724px\" \/><\/figure>\n\n\n<p>Les \u00e9l\u00e8ves de T ATMFC ont \u00e9galement eu l&rsquo;honneur de participer \u00e0 cette c\u00e9r\u00e9monie apr\u00e8s avoir r\u00e9alis\u00e9 un parcours d\u00e9couverte dans Paris : le jardin du Luxembourg, la place du Louvre, le Panth\u00e9on, l&rsquo;Arc de Triomphe, les Invalides.<\/p>\n\n\n<figure class=\"wp-block-image size-large\"><img loading=\"lazy\" decoding=\"async\" width=\"724\" height=\"1024\" src=\"https:\/\/sitetab3.ac-reims.fr\/lp-emile-baudot\/-wp-\/wp-content\/uploads\/Design-sans-titre1-1-724x1024.jpg\" alt=\"\" class=\"wp-image-2220\" srcset=\"https:\/\/sitetab3.ac-reims.fr\/lp-emile-baudot\/-wp-\/wp-content\/uploads\/Design-sans-titre1-1-724x1024.jpg 724w, https:\/\/sitetab3.ac-reims.fr\/lp-emile-baudot\/-wp-\/wp-content\/uploads\/Design-sans-titre1-1-212x300.jpg 212w, https:\/\/sitetab3.ac-reims.fr\/lp-emile-baudot\/-wp-\/wp-content\/uploads\/Design-sans-titre1-1-768x1086.jpg 768w, https:\/\/sitetab3.ac-reims.fr\/lp-emile-baudot\/-wp-\/wp-content\/uploads\/Design-sans-titre1-1-1086x1536.jpg 1086w, https:\/\/sitetab3.ac-reims.fr\/lp-emile-baudot\/-wp-\/wp-content\/uploads\/Design-sans-titre1-1.jpg 1414w\" sizes=\"(max-width: 724px) 100vw, 724px\" \/><\/figure>\n","protected":false},"excerpt":{"rendered":"<p>Le jeudi 30 mai, les \u00e9l\u00e8ves de 2BPMS, en tant que \u00ab\u00a0classe engag\u00e9e\u00a0\u00bb, sont all\u00e9s \u00e0 Paris pour participer \u00e0 la c\u00e9r\u00e9monie de ravivage de la flamme sur la tombe du soldat inconnu et visiter le mus\u00e9e des Arm\u00e9es des Invalides. Ils ont \u00e9t\u00e9 invit\u00e9s par l&rsquo;Union D\u00e9partementale de la m\u00e9daille de Haute-Marne, repr\u00e9sent\u00e9e par [&hellip;]<\/p>\n","protected":false},"author":9,"featured_media":0,"comment_status":"closed","ping_status":"open","sticky":false,"template":"","format":"standard","meta":{"ngg_post_thumbnail":0,"footnotes":""},"categories":[85],"tags":[],"_links":{"self":[{"href":"https:\/\/sitetab3.ac-reims.fr\/lp-emile-baudot\/-wp-\/wp-json\/wp\/v2\/posts\/2200"}],"collection":[{"href":"https:\/\/sitetab3.ac-reims.fr\/lp-emile-baudot\/-wp-\/wp-json\/wp\/v2\/posts"}],"about":[{"href":"https:\/\/sitetab3.ac-reims.fr\/lp-emile-baudot\/-wp-\/wp-json\/wp\/v2\/types\/post"}],"author":[{"embeddable":true,"href":"https:\/\/sitetab3.ac-reims.fr\/lp-emile-baudot\/-wp-\/wp-json\/wp\/v2\/users\/9"}],"replies":[{"embeddable":true,"href":"https:\/\/sitetab3.ac-reims.fr\/lp-emile-baudot\/-wp-\/wp-json\/wp\/v2\/comments?post=2200"}],"version-history":[{"count":3,"href":"https:\/\/sitetab3.ac-reims.fr\/lp-emile-baudot\/-wp-\/wp-json\/wp\/v2\/posts\/2200\/revisions"}],"predecessor-version":[{"id":2225,"href":"https:\/\/sitetab3.ac-reims.fr\/lp-emile-baudot\/-wp-\/wp-json\/wp\/v2\/posts\/2200\/revisions\/2225"}],"wp:attachment":[{"href":"https:\/\/sitetab3.ac-reims.fr\/lp-emile-baudot\/-wp-\/wp-json\/wp\/v2\/media?parent=2200"}],"wp:term":[{"taxonomy":"category","embeddable":true,"href":"https:\/\/sitetab3.ac-reims.fr\/lp-emile-baudot\/-wp-\/wp-json\/wp\/v2\/categories?post=2200"},{"taxonomy":"post_tag","embeddable":true,"href":"https:\/\/sitetab3.ac-reims.fr\/lp-emile-baudot\/-wp-\/wp-json\/wp\/v2\/tags?post=2200"}],"curies":[{"name":"wp","href":"https:\/\/api.w.org\/{rel}","templated":true}]}}