{"id":2203,"date":"2024-05-30T16:06:46","date_gmt":"2024-05-30T14:06:46","guid":{"rendered":"https:\/\/sitetab3.ac-reims.fr\/lp-emile-baudot\/-wp-\/?p=2203"},"modified":"2025-04-29T15:46:48","modified_gmt":"2025-04-29T13:46:48","slug":"une-journee-en-cour-dassises","status":"publish","type":"post","link":"https:\/\/sitetab3.ac-reims.fr\/lp-emile-baudot\/-wp-\/une-journee-en-cour-dassises\/","title":{"rendered":"Une journ\u00e9e en cour d&rsquo;Assises"},"content":{"rendered":"<p>Le lundi 15 avril 2024, les \u00e9l\u00e8ves de 1\u00e8re BPMCV et les \u00e9tudiants de premi\u00e8re ann\u00e9e de BTS MOS ont eu l&rsquo;opportunit\u00e9 d&rsquo;assister \u00e0 la premi\u00e8re journ\u00e9e d&rsquo;un proc\u00e8s en assises au tribunal de Reims.<\/p>\n<p>Durant cette premi\u00e8re journ\u00e9e de proc\u00e8s, ils ont observ\u00e9 comment les jur\u00e9s \u00e9taient choisis ou r\u00e9cus\u00e9s par les avocats des deux parties, puis ils ont assist\u00e9 \u00e0 la pr\u00e9sentation de l&rsquo;affaire et de l&rsquo;accus\u00e9 et ont \u00e9cout\u00e9 diff\u00e9rents t\u00e9moignages.<\/p>\n<p>Ils ont d\u00e9couvert quelques jours plus tard le verdict et la condamnation \u00e0 neuf de prison de l&rsquo;accus\u00e9.<\/p>\n<p>Cette action, renouvel\u00e9e tous les ans, a de nouveau \u00e9t\u00e9 riche en d\u00e9couvertes et en \u00e9motions, notamment la frustration de ne pas pouvoir assister \u00e0 toutes les \u00e9tapes du proc\u00e8s en assises.<\/p>\n<p>&nbsp;<\/p>\n\n\n<figure class=\"wp-block-image size-full\"><img loading=\"lazy\" decoding=\"async\" width=\"844\" height=\"596\" src=\"http:\/\/sitetab3.ac-reims.fr\/lp-emile-baudot\/-wp-\/wp-content\/uploads\/Cour-dassises-photo.jpg\" alt=\"\" class=\"wp-image-2204\" srcset=\"https:\/\/sitetab3.ac-reims.fr\/lp-emile-baudot\/-wp-\/wp-content\/uploads\/Cour-dassises-photo.jpg 844w, https:\/\/sitetab3.ac-reims.fr\/lp-emile-baudot\/-wp-\/wp-content\/uploads\/Cour-dassises-photo-300x212.jpg 300w, https:\/\/sitetab3.ac-reims.fr\/lp-emile-baudot\/-wp-\/wp-content\/uploads\/Cour-dassises-photo-768x542.jpg 768w\" sizes=\"(max-width: 844px) 100vw, 844px\" \/><\/figure>\n","protected":false},"excerpt":{"rendered":"<p>Le lundi 15 avril 2024, les \u00e9l\u00e8ves de 1\u00e8re BPMCV et les \u00e9tudiants de premi\u00e8re ann\u00e9e de BTS MOS ont eu l&rsquo;opportunit\u00e9 d&rsquo;assister \u00e0 la premi\u00e8re journ\u00e9e d&rsquo;un proc\u00e8s en assises au tribunal de Reims. Durant cette premi\u00e8re journ\u00e9e de proc\u00e8s, ils ont observ\u00e9 comment les jur\u00e9s \u00e9taient choisis ou r\u00e9cus\u00e9s par les avocats des [&hellip;]<\/p>\n","protected":false},"author":9,"featured_media":0,"comment_status":"closed","ping_status":"open","sticky":false,"template":"","format":"standard","meta":{"ngg_post_thumbnail":0,"footnotes":""},"categories":[85],"tags":[],"_links":{"self":[{"href":"https:\/\/sitetab3.ac-reims.fr\/lp-emile-baudot\/-wp-\/wp-json\/wp\/v2\/posts\/2203"}],"collection":[{"href":"https:\/\/sitetab3.ac-reims.fr\/lp-emile-baudot\/-wp-\/wp-json\/wp\/v2\/posts"}],"about":[{"href":"https:\/\/sitetab3.ac-reims.fr\/lp-emile-baudot\/-wp-\/wp-json\/wp\/v2\/types\/post"}],"author":[{"embeddable":true,"href":"https:\/\/sitetab3.ac-reims.fr\/lp-emile-baudot\/-wp-\/wp-json\/wp\/v2\/users\/9"}],"replies":[{"embeddable":true,"href":"https:\/\/sitetab3.ac-reims.fr\/lp-emile-baudot\/-wp-\/wp-json\/wp\/v2\/comments?post=2203"}],"version-history":[{"count":1,"href":"https:\/\/sitetab3.ac-reims.fr\/lp-emile-baudot\/-wp-\/wp-json\/wp\/v2\/posts\/2203\/revisions"}],"predecessor-version":[{"id":2205,"href":"https:\/\/sitetab3.ac-reims.fr\/lp-emile-baudot\/-wp-\/wp-json\/wp\/v2\/posts\/2203\/revisions\/2205"}],"wp:attachment":[{"href":"https:\/\/sitetab3.ac-reims.fr\/lp-emile-baudot\/-wp-\/wp-json\/wp\/v2\/media?parent=2203"}],"wp:term":[{"taxonomy":"category","embeddable":true,"href":"https:\/\/sitetab3.ac-reims.fr\/lp-emile-baudot\/-wp-\/wp-json\/wp\/v2\/categories?post=2203"},{"taxonomy":"post_tag","embeddable":true,"href":"https:\/\/sitetab3.ac-reims.fr\/lp-emile-baudot\/-wp-\/wp-json\/wp\/v2\/tags?post=2203"}],"curies":[{"name":"wp","href":"https:\/\/api.w.org\/{rel}","templated":true}]}}