{"id":2492,"date":"2024-09-30T15:07:34","date_gmt":"2024-09-30T13:07:34","guid":{"rendered":"https:\/\/sitetab3.ac-reims.fr\/lp-emile-baudot\/-wp-\/?p=2492"},"modified":"2025-04-29T15:42:48","modified_gmt":"2025-04-29T13:42:48","slug":"devoir-de-memoire-visite-du-camp-de-concentration-du-struthof","status":"publish","type":"post","link":"https:\/\/sitetab3.ac-reims.fr\/lp-emile-baudot\/-wp-\/devoir-de-memoire-visite-du-camp-de-concentration-du-struthof\/","title":{"rendered":"Devoir de m\u00e9moire : visite du camp de concentration du Struthof"},"content":{"rendered":"<p>Mardi 24 septembre, dans le cadre du devoir de m\u00e9moire, les \u00e9l\u00e8ves de TBPMS et de TBPMCV sont all\u00e9s \u00e0 Natzwiller dans les Vosges afin de visiter l\u2019ancien camp de concentration du Struthof. Ils ont \u00e9t\u00e9 guid\u00e9s lors de cette visite par leurs deux professeures d\u2019Histoire-G\u00e9ographie, Mesdames Sirodot et Florence. Les deux classes ont \u00e9t\u00e9 accompagn\u00e9es par Bernard et Sylvette Garnier, membres du Souvenir Fran\u00e7ais de Wassy, qui a particip\u00e9 au financement de la sortie.<\/p>\n<p>Le camp construit en 1941, dans le but d\u2019exploiter le granit rose de la r\u00e9gion, est rapidement devenu un camp de concentration o\u00f9 plus de 52000 personnes \u00e9trang\u00e8res et fran\u00e7aises ont \u00e9t\u00e9 emprisonn\u00e9es dans des conditions inhumaines. Les prisonniers, r\u00e9sistants ou politiques, \u00e9taient notamment soumis au travail forc\u00e9 mais aussi \u00e0 d\u2019horribles exp\u00e9riences pseudo-scientifiques. Le camp \u00e9tait d\u2019autre part dot\u00e9 d\u2019un four cr\u00e9matoire mais aussi d\u2019une prison qui ont \u00e9mu les lyc\u00e9ens.<\/p>\n<p>Les \u00e9l\u00e8ves ont \u00e9t\u00e9 tr\u00e8s curieux mais aussi extr\u00eamement touch\u00e9s par cette visite.<\/p>\n\n\n<div class=\"wp-block-columns is-layout-flex wp-container-core-columns-is-layout-1 wp-block-columns-is-layout-flex\">\n<div class=\"wp-block-column is-layout-flow wp-block-column-is-layout-flow\" style=\"flex-basis:66.66%\">\n<figure class=\"wp-block-image size-large is-resized\"><img loading=\"lazy\" decoding=\"async\" src=\"http:\/\/sitetab3.ac-reims.fr\/lp-emile-baudot\/-wp-\/wp-content\/uploads\/Struthof-1024x724.png\" alt=\"\" class=\"wp-image-2494\" width=\"505\" height=\"357\" srcset=\"https:\/\/sitetab3.ac-reims.fr\/lp-emile-baudot\/-wp-\/wp-content\/uploads\/Struthof-1024x724.png 1024w, https:\/\/sitetab3.ac-reims.fr\/lp-emile-baudot\/-wp-\/wp-content\/uploads\/Struthof-300x212.png 300w, https:\/\/sitetab3.ac-reims.fr\/lp-emile-baudot\/-wp-\/wp-content\/uploads\/Struthof-768x543.png 768w, https:\/\/sitetab3.ac-reims.fr\/lp-emile-baudot\/-wp-\/wp-content\/uploads\/Struthof-1536x1086.png 1536w, https:\/\/sitetab3.ac-reims.fr\/lp-emile-baudot\/-wp-\/wp-content\/uploads\/Struthof.png 2000w\" sizes=\"(max-width: 505px) 100vw, 505px\" \/><\/figure>\n<\/div>\n\n\n\n<div class=\"wp-block-column is-layout-flow wp-block-column-is-layout-flow\" style=\"flex-basis:33.33%\">\n<figure class=\"wp-block-image size-full\"><img loading=\"lazy\" decoding=\"async\" width=\"586\" height=\"780\" src=\"http:\/\/sitetab3.ac-reims.fr\/lp-emile-baudot\/-wp-\/wp-content\/uploads\/IMG_20240930_144001_780.jpg\" alt=\"\" class=\"wp-image-2495\" srcset=\"https:\/\/sitetab3.ac-reims.fr\/lp-emile-baudot\/-wp-\/wp-content\/uploads\/IMG_20240930_144001_780.jpg 586w, https:\/\/sitetab3.ac-reims.fr\/lp-emile-baudot\/-wp-\/wp-content\/uploads\/IMG_20240930_144001_780-225x300.jpg 225w\" sizes=\"(max-width: 586px) 100vw, 586px\" \/><\/figure>\n<\/div>\n<\/div>\n\n\n\n<div class=\"wp-block-columns is-layout-flex wp-container-core-columns-is-layout-2 wp-block-columns-is-layout-flex\">\n<div class=\"wp-block-column is-layout-flow wp-block-column-is-layout-flow\">\n<figure class=\"wp-block-image size-full\"><img loading=\"lazy\" decoding=\"async\" width=\"586\" height=\"780\" src=\"https:\/\/sitetab3.ac-reims.fr\/lp-emile-baudot\/-wp-\/wp-content\/uploads\/IMG_20240930_144004_152.jpg\" alt=\"\" class=\"wp-image-2496\" srcset=\"https:\/\/sitetab3.ac-reims.fr\/lp-emile-baudot\/-wp-\/wp-content\/uploads\/IMG_20240930_144004_152.jpg 586w, https:\/\/sitetab3.ac-reims.fr\/lp-emile-baudot\/-wp-\/wp-content\/uploads\/IMG_20240930_144004_152-225x300.jpg 225w\" sizes=\"(max-width: 586px) 100vw, 586px\" \/><\/figure>\n<\/div>\n\n\n\n<div class=\"wp-block-column is-layout-flow wp-block-column-is-layout-flow\">\n<figure class=\"wp-block-image size-full\"><img loading=\"lazy\" decoding=\"async\" width=\"586\" height=\"780\" src=\"https:\/\/sitetab3.ac-reims.fr\/lp-emile-baudot\/-wp-\/wp-content\/uploads\/IMG_20240930_144006_751.jpg\" alt=\"\" class=\"wp-image-2497\" srcset=\"https:\/\/sitetab3.ac-reims.fr\/lp-emile-baudot\/-wp-\/wp-content\/uploads\/IMG_20240930_144006_751.jpg 586w, https:\/\/sitetab3.ac-reims.fr\/lp-emile-baudot\/-wp-\/wp-content\/uploads\/IMG_20240930_144006_751-225x300.jpg 225w\" sizes=\"(max-width: 586px) 100vw, 586px\" \/><\/figure>\n<\/div>\n<\/div>\n\n\n\n<div class=\"wp-block-columns is-layout-flex wp-container-core-columns-is-layout-3 wp-block-columns-is-layout-flex\">\n<div class=\"wp-block-column is-layout-flow wp-block-column-is-layout-flow\">\n<figure class=\"wp-block-image size-full\"><img loading=\"lazy\" decoding=\"async\" width=\"586\" height=\"780\" src=\"https:\/\/sitetab3.ac-reims.fr\/lp-emile-baudot\/-wp-\/wp-content\/uploads\/IMG_20240930_144014_253.jpg\" alt=\"\" class=\"wp-image-2498\" srcset=\"https:\/\/sitetab3.ac-reims.fr\/lp-emile-baudot\/-wp-\/wp-content\/uploads\/IMG_20240930_144014_253.jpg 586w, https:\/\/sitetab3.ac-reims.fr\/lp-emile-baudot\/-wp-\/wp-content\/uploads\/IMG_20240930_144014_253-225x300.jpg 225w\" sizes=\"(max-width: 586px) 100vw, 586px\" \/><\/figure>\n<\/div>\n\n\n\n<div class=\"wp-block-column is-layout-flow wp-block-column-is-layout-flow\">\n<figure class=\"wp-block-image size-full\"><img loading=\"lazy\" decoding=\"async\" width=\"586\" height=\"780\" src=\"https:\/\/sitetab3.ac-reims.fr\/lp-emile-baudot\/-wp-\/wp-content\/uploads\/IMG_20240930_144016_330.jpg\" alt=\"\" class=\"wp-image-2499\" srcset=\"https:\/\/sitetab3.ac-reims.fr\/lp-emile-baudot\/-wp-\/wp-content\/uploads\/IMG_20240930_144016_330.jpg 586w, https:\/\/sitetab3.ac-reims.fr\/lp-emile-baudot\/-wp-\/wp-content\/uploads\/IMG_20240930_144016_330-225x300.jpg 225w\" sizes=\"(max-width: 586px) 100vw, 586px\" \/><\/figure>\n<\/div>\n<\/div>\n","protected":false},"excerpt":{"rendered":"<p>Mardi 24 septembre, dans le cadre du devoir de m\u00e9moire, les \u00e9l\u00e8ves de TBPMS et de TBPMCV sont all\u00e9s \u00e0 Natzwiller dans les Vosges afin de visiter l\u2019ancien camp de concentration du Struthof. Ils ont \u00e9t\u00e9 guid\u00e9s lors de cette visite par leurs deux professeures d\u2019Histoire-G\u00e9ographie, Mesdames Sirodot et Florence. Les deux classes ont \u00e9t\u00e9 [&hellip;]<\/p>\n","protected":false},"author":9,"featured_media":0,"comment_status":"closed","ping_status":"open","sticky":false,"template":"","format":"standard","meta":{"ngg_post_thumbnail":0,"footnotes":""},"categories":[85],"tags":[],"_links":{"self":[{"href":"https:\/\/sitetab3.ac-reims.fr\/lp-emile-baudot\/-wp-\/wp-json\/wp\/v2\/posts\/2492"}],"collection":[{"href":"https:\/\/sitetab3.ac-reims.fr\/lp-emile-baudot\/-wp-\/wp-json\/wp\/v2\/posts"}],"about":[{"href":"https:\/\/sitetab3.ac-reims.fr\/lp-emile-baudot\/-wp-\/wp-json\/wp\/v2\/types\/post"}],"author":[{"embeddable":true,"href":"https:\/\/sitetab3.ac-reims.fr\/lp-emile-baudot\/-wp-\/wp-json\/wp\/v2\/users\/9"}],"replies":[{"embeddable":true,"href":"https:\/\/sitetab3.ac-reims.fr\/lp-emile-baudot\/-wp-\/wp-json\/wp\/v2\/comments?post=2492"}],"version-history":[{"count":3,"href":"https:\/\/sitetab3.ac-reims.fr\/lp-emile-baudot\/-wp-\/wp-json\/wp\/v2\/posts\/2492\/revisions"}],"predecessor-version":[{"id":2506,"href":"https:\/\/sitetab3.ac-reims.fr\/lp-emile-baudot\/-wp-\/wp-json\/wp\/v2\/posts\/2492\/revisions\/2506"}],"wp:attachment":[{"href":"https:\/\/sitetab3.ac-reims.fr\/lp-emile-baudot\/-wp-\/wp-json\/wp\/v2\/media?parent=2492"}],"wp:term":[{"taxonomy":"category","embeddable":true,"href":"https:\/\/sitetab3.ac-reims.fr\/lp-emile-baudot\/-wp-\/wp-json\/wp\/v2\/categories?post=2492"},{"taxonomy":"post_tag","embeddable":true,"href":"https:\/\/sitetab3.ac-reims.fr\/lp-emile-baudot\/-wp-\/wp-json\/wp\/v2\/tags?post=2492"}],"curies":[{"name":"wp","href":"https:\/\/api.w.org\/{rel}","templated":true}]}}