{"id":2529,"date":"2024-10-01T14:13:20","date_gmt":"2024-10-01T12:13:20","guid":{"rendered":"https:\/\/sitetab3.ac-reims.fr\/lp-emile-baudot\/-wp-\/?p=2529"},"modified":"2025-04-29T15:42:42","modified_gmt":"2025-04-29T13:42:42","slug":"journee-europeenne-des-langues","status":"publish","type":"post","link":"https:\/\/sitetab3.ac-reims.fr\/lp-emile-baudot\/-wp-\/journee-europeenne-des-langues\/","title":{"rendered":"Journ\u00e9e europ\u00e9enne des langues"},"content":{"rendered":"<p>Ce jeudi 26 septembre, les \u00e9l\u00e8ves de 1\u00e8res CAP et de 2ndes Bac pro ont c\u00e9l\u00e9br\u00e9 la Journ\u00e9e europ\u00e9enne des langues, cr\u00e9\u00e9e en 2001 afin de faciliter l\u2019ouverture \u00e0 d\u2019autres cultures, traditions et langues. Ils ont ainsi particip\u00e9 \u00e0 divers ateliers cr\u00e9atifs et ludiques&nbsp;:<\/p>\n<ul>\n<li>cr\u00e9ation de nuages de mots&nbsp;;<\/li>\n<li>comment dire \u00ab&nbsp;bonjour&nbsp;\u00bb dans plus de quarante langues diff\u00e9rentes&nbsp;;<\/li>\n<li>puzzles de phrases en trois langues&nbsp;et mimes ;<\/li>\n<li>blind test des mots du voyage en sept langues&nbsp;;<\/li>\n<li>d\u00e9couverte des cinq langues les plus parl\u00e9es en Europe.<\/li>\n<\/ul>\n<p>Suite&nbsp;aux ateliers, les \u00e9l\u00e8ves ont d\u00e9gust\u00e9 un go\u00fbter international compos\u00e9 de biscuits allemands (pain d\u2019\u00e9pice), italiens (mini gaufrettes et pan di stelle), britanniques (McVitie\u2019s) et belges (speculos). Lors de ce go\u00fbter, offert par l\u2019\u00e9tablissement, plusieurs \u00e9l\u00e8ves ont \u00e9t\u00e9 r\u00e9compens\u00e9s pour leur investissement ou la cr\u00e9ativit\u00e9 dont ils ont fait preuve lors des ateliers de d\u00e9couverte des langues. Certaines cr\u00e9ations des \u00e9l\u00e8ves sont \u00e0 d\u00e9couvrir au CDI.<\/p>\n\n\n<figure class=\"wp-block-image size-large\"><img loading=\"lazy\" decoding=\"async\" width=\"1024\" height=\"724\" src=\"https:\/\/sitetab3.ac-reims.fr\/lp-emile-baudot\/-wp-\/wp-content\/uploads\/Journee-europeenne-langues-1024x724.png\" alt=\"\" class=\"wp-image-2530\" srcset=\"https:\/\/sitetab3.ac-reims.fr\/lp-emile-baudot\/-wp-\/wp-content\/uploads\/Journee-europeenne-langues-1024x724.png 1024w, https:\/\/sitetab3.ac-reims.fr\/lp-emile-baudot\/-wp-\/wp-content\/uploads\/Journee-europeenne-langues-300x212.png 300w, https:\/\/sitetab3.ac-reims.fr\/lp-emile-baudot\/-wp-\/wp-content\/uploads\/Journee-europeenne-langues-768x543.png 768w, https:\/\/sitetab3.ac-reims.fr\/lp-emile-baudot\/-wp-\/wp-content\/uploads\/Journee-europeenne-langues-1536x1086.png 1536w, https:\/\/sitetab3.ac-reims.fr\/lp-emile-baudot\/-wp-\/wp-content\/uploads\/Journee-europeenne-langues.png 2000w\" sizes=\"(max-width: 1024px) 100vw, 1024px\" \/><\/figure>\n","protected":false},"excerpt":{"rendered":"<p>Ce jeudi 26 septembre, les \u00e9l\u00e8ves de 1\u00e8res CAP et de 2ndes Bac pro ont c\u00e9l\u00e9br\u00e9 la Journ\u00e9e europ\u00e9enne des langues, cr\u00e9\u00e9e en 2001 afin de faciliter l\u2019ouverture \u00e0 d\u2019autres cultures, traditions et langues. Ils ont ainsi particip\u00e9 \u00e0 divers ateliers cr\u00e9atifs et ludiques&nbsp;: cr\u00e9ation de nuages de mots&nbsp;; comment dire \u00ab&nbsp;bonjour&nbsp;\u00bb dans plus de [&hellip;]<\/p>\n","protected":false},"author":9,"featured_media":0,"comment_status":"closed","ping_status":"open","sticky":false,"template":"","format":"standard","meta":{"ngg_post_thumbnail":0,"footnotes":""},"categories":[85],"tags":[],"_links":{"self":[{"href":"https:\/\/sitetab3.ac-reims.fr\/lp-emile-baudot\/-wp-\/wp-json\/wp\/v2\/posts\/2529"}],"collection":[{"href":"https:\/\/sitetab3.ac-reims.fr\/lp-emile-baudot\/-wp-\/wp-json\/wp\/v2\/posts"}],"about":[{"href":"https:\/\/sitetab3.ac-reims.fr\/lp-emile-baudot\/-wp-\/wp-json\/wp\/v2\/types\/post"}],"author":[{"embeddable":true,"href":"https:\/\/sitetab3.ac-reims.fr\/lp-emile-baudot\/-wp-\/wp-json\/wp\/v2\/users\/9"}],"replies":[{"embeddable":true,"href":"https:\/\/sitetab3.ac-reims.fr\/lp-emile-baudot\/-wp-\/wp-json\/wp\/v2\/comments?post=2529"}],"version-history":[{"count":1,"href":"https:\/\/sitetab3.ac-reims.fr\/lp-emile-baudot\/-wp-\/wp-json\/wp\/v2\/posts\/2529\/revisions"}],"predecessor-version":[{"id":2531,"href":"https:\/\/sitetab3.ac-reims.fr\/lp-emile-baudot\/-wp-\/wp-json\/wp\/v2\/posts\/2529\/revisions\/2531"}],"wp:attachment":[{"href":"https:\/\/sitetab3.ac-reims.fr\/lp-emile-baudot\/-wp-\/wp-json\/wp\/v2\/media?parent=2529"}],"wp:term":[{"taxonomy":"category","embeddable":true,"href":"https:\/\/sitetab3.ac-reims.fr\/lp-emile-baudot\/-wp-\/wp-json\/wp\/v2\/categories?post=2529"},{"taxonomy":"post_tag","embeddable":true,"href":"https:\/\/sitetab3.ac-reims.fr\/lp-emile-baudot\/-wp-\/wp-json\/wp\/v2\/tags?post=2529"}],"curies":[{"name":"wp","href":"https:\/\/api.w.org\/{rel}","templated":true}]}}