{"id":2731,"date":"2024-12-02T15:21:32","date_gmt":"2024-12-02T14:21:32","guid":{"rendered":"https:\/\/sitetab3.ac-reims.fr\/lp-emile-baudot\/-wp-\/?p=2731"},"modified":"2025-04-29T15:40:23","modified_gmt":"2025-04-29T13:40:23","slug":"sensibilisation-a-la-lutte-contre-le-harcelement-scolaire","status":"publish","type":"post","link":"https:\/\/sitetab3.ac-reims.fr\/lp-emile-baudot\/-wp-\/sensibilisation-a-la-lutte-contre-le-harcelement-scolaire\/","title":{"rendered":"Sensibilisation \u00e0 la lutte contre le harc\u00e8lement scolaire"},"content":{"rendered":"<p>En novembre, les \u00e9l\u00e8ves du lyc\u00e9e professionnel Emile Baudot ont \u00e9t\u00e9 sensibilis\u00e9s \u00e0 la lutte contre le harc\u00e8lement scolaire. Cette action a d\u00e9but\u00e9 lors de la journ\u00e9e nationale de lutte contre le harc\u00e8lement scolaire du jeudi 7 novembre et s&rsquo;est poursuivie pendant le mois de novembre.<\/p>\n<p>A cette occasion, ils ont observ\u00e9 une exposition et ont r\u00e9pondu \u00e0 un quiz cr\u00e9\u00e9s par les \u00e9l\u00e8ves de 2BPMS et de 1BPMS de l&rsquo;ann\u00e9e scolaire pr\u00e9c\u00e9dente. Ils avaient r\u00e9alis\u00e9 des affiches et des infographies autour de la lutte contre le harc\u00e8lement et d&rsquo;un usage raisonn\u00e9 et responsable des r\u00e9seaux sociaux.<\/p>\n\n\n<figure class=\"wp-block-gallery columns-3 is-cropped wp-block-gallery-1 is-layout-flex wp-block-gallery-is-layout-flex\"><ul class=\"blocks-gallery-grid\"><li class=\"blocks-gallery-item\"><figure><img loading=\"lazy\" decoding=\"async\" width=\"748\" height=\"561\" src=\"https:\/\/sitetab3.ac-reims.fr\/lp-emile-baudot\/-wp-\/wp-content\/uploads\/20241107_135850.jpg\" alt=\"\" data-id=\"2732\" data-full-url=\"https:\/\/sitetab3.ac-reims.fr\/lp-emile-baudot\/-wp-\/wp-content\/uploads\/20241107_135850.jpg\" data-link=\"https:\/\/sitetab3.ac-reims.fr\/lp-emile-baudot\/-wp-\/?attachment_id=2732\" class=\"wp-image-2732\" srcset=\"https:\/\/sitetab3.ac-reims.fr\/lp-emile-baudot\/-wp-\/wp-content\/uploads\/20241107_135850.jpg 748w, https:\/\/sitetab3.ac-reims.fr\/lp-emile-baudot\/-wp-\/wp-content\/uploads\/20241107_135850-300x225.jpg 300w\" sizes=\"(max-width: 748px) 100vw, 748px\" \/><\/figure><\/li><li class=\"blocks-gallery-item\"><figure><img loading=\"lazy\" decoding=\"async\" width=\"860\" height=\"647\" src=\"https:\/\/sitetab3.ac-reims.fr\/lp-emile-baudot\/-wp-\/wp-content\/uploads\/20241107_140013.jpg\" alt=\"\" data-id=\"2733\" data-full-url=\"https:\/\/sitetab3.ac-reims.fr\/lp-emile-baudot\/-wp-\/wp-content\/uploads\/20241107_140013.jpg\" data-link=\"https:\/\/sitetab3.ac-reims.fr\/lp-emile-baudot\/-wp-\/?attachment_id=2733\" class=\"wp-image-2733\" srcset=\"https:\/\/sitetab3.ac-reims.fr\/lp-emile-baudot\/-wp-\/wp-content\/uploads\/20241107_140013.jpg 860w, https:\/\/sitetab3.ac-reims.fr\/lp-emile-baudot\/-wp-\/wp-content\/uploads\/20241107_140013-300x226.jpg 300w, https:\/\/sitetab3.ac-reims.fr\/lp-emile-baudot\/-wp-\/wp-content\/uploads\/20241107_140013-768x578.jpg 768w\" sizes=\"(max-width: 860px) 100vw, 860px\" \/><\/figure><\/li><li class=\"blocks-gallery-item\"><figure><img loading=\"lazy\" decoding=\"async\" width=\"1020\" height=\"765\" src=\"https:\/\/sitetab3.ac-reims.fr\/lp-emile-baudot\/-wp-\/wp-content\/uploads\/20241115_141159.jpg\" alt=\"\" data-id=\"2734\" data-full-url=\"https:\/\/sitetab3.ac-reims.fr\/lp-emile-baudot\/-wp-\/wp-content\/uploads\/20241115_141159.jpg\" data-link=\"https:\/\/sitetab3.ac-reims.fr\/lp-emile-baudot\/-wp-\/?attachment_id=2734\" class=\"wp-image-2734\" srcset=\"https:\/\/sitetab3.ac-reims.fr\/lp-emile-baudot\/-wp-\/wp-content\/uploads\/20241115_141159.jpg 1020w, https:\/\/sitetab3.ac-reims.fr\/lp-emile-baudot\/-wp-\/wp-content\/uploads\/20241115_141159-300x225.jpg 300w, https:\/\/sitetab3.ac-reims.fr\/lp-emile-baudot\/-wp-\/wp-content\/uploads\/20241115_141159-768x576.jpg 768w\" sizes=\"(max-width: 1020px) 100vw, 1020px\" \/><\/figure><\/li><li class=\"blocks-gallery-item\"><figure><img loading=\"lazy\" decoding=\"async\" width=\"1020\" height=\"765\" src=\"https:\/\/sitetab3.ac-reims.fr\/lp-emile-baudot\/-wp-\/wp-content\/uploads\/20241115_141236.jpg\" alt=\"\" data-id=\"2735\" data-full-url=\"https:\/\/sitetab3.ac-reims.fr\/lp-emile-baudot\/-wp-\/wp-content\/uploads\/20241115_141236.jpg\" data-link=\"https:\/\/sitetab3.ac-reims.fr\/lp-emile-baudot\/-wp-\/?attachment_id=2735\" class=\"wp-image-2735\" srcset=\"https:\/\/sitetab3.ac-reims.fr\/lp-emile-baudot\/-wp-\/wp-content\/uploads\/20241115_141236.jpg 1020w, https:\/\/sitetab3.ac-reims.fr\/lp-emile-baudot\/-wp-\/wp-content\/uploads\/20241115_141236-300x225.jpg 300w, https:\/\/sitetab3.ac-reims.fr\/lp-emile-baudot\/-wp-\/wp-content\/uploads\/20241115_141236-768x576.jpg 768w\" sizes=\"(max-width: 1020px) 100vw, 1020px\" \/><\/figure><\/li><\/ul><\/figure>\n\n\n<p>Puis les \u00e9l\u00e8ves se sont exprim\u00e9s pour dire NON au harc\u00e8lement. Ils ont fait preuve de cr\u00e9ativit\u00e9 et de sensibilit\u00e9.<\/p>\n\n\n<figure class=\"wp-block-gallery columns-3 is-cropped wp-block-gallery-2 is-layout-flex wp-block-gallery-is-layout-flex\"><ul class=\"blocks-gallery-grid\"><li class=\"blocks-gallery-item\"><figure><img loading=\"lazy\" decoding=\"async\" width=\"1020\" height=\"765\" src=\"https:\/\/sitetab3.ac-reims.fr\/lp-emile-baudot\/-wp-\/wp-content\/uploads\/20241107_105012.jpg\" alt=\"\" data-id=\"2736\" data-full-url=\"https:\/\/sitetab3.ac-reims.fr\/lp-emile-baudot\/-wp-\/wp-content\/uploads\/20241107_105012.jpg\" data-link=\"https:\/\/sitetab3.ac-reims.fr\/lp-emile-baudot\/-wp-\/?attachment_id=2736\" class=\"wp-image-2736\" srcset=\"https:\/\/sitetab3.ac-reims.fr\/lp-emile-baudot\/-wp-\/wp-content\/uploads\/20241107_105012.jpg 1020w, https:\/\/sitetab3.ac-reims.fr\/lp-emile-baudot\/-wp-\/wp-content\/uploads\/20241107_105012-300x225.jpg 300w, https:\/\/sitetab3.ac-reims.fr\/lp-emile-baudot\/-wp-\/wp-content\/uploads\/20241107_105012-768x576.jpg 768w\" sizes=\"(max-width: 1020px) 100vw, 1020px\" \/><\/figure><\/li><li class=\"blocks-gallery-item\"><figure><img loading=\"lazy\" decoding=\"async\" width=\"827\" height=\"623\" src=\"https:\/\/sitetab3.ac-reims.fr\/lp-emile-baudot\/-wp-\/wp-content\/uploads\/20241107_105042.jpg\" alt=\"\" data-id=\"2737\" data-full-url=\"https:\/\/sitetab3.ac-reims.fr\/lp-emile-baudot\/-wp-\/wp-content\/uploads\/20241107_105042.jpg\" data-link=\"https:\/\/sitetab3.ac-reims.fr\/lp-emile-baudot\/-wp-\/?attachment_id=2737\" class=\"wp-image-2737\" srcset=\"https:\/\/sitetab3.ac-reims.fr\/lp-emile-baudot\/-wp-\/wp-content\/uploads\/20241107_105042.jpg 827w, https:\/\/sitetab3.ac-reims.fr\/lp-emile-baudot\/-wp-\/wp-content\/uploads\/20241107_105042-300x226.jpg 300w, https:\/\/sitetab3.ac-reims.fr\/lp-emile-baudot\/-wp-\/wp-content\/uploads\/20241107_105042-768x579.jpg 768w\" sizes=\"(max-width: 827px) 100vw, 827px\" \/><\/figure><\/li><li class=\"blocks-gallery-item\"><figure><img loading=\"lazy\" decoding=\"async\" width=\"1020\" height=\"765\" src=\"https:\/\/sitetab3.ac-reims.fr\/lp-emile-baudot\/-wp-\/wp-content\/uploads\/20241107_143223.jpg\" alt=\"\" data-id=\"2738\" data-full-url=\"https:\/\/sitetab3.ac-reims.fr\/lp-emile-baudot\/-wp-\/wp-content\/uploads\/20241107_143223.jpg\" data-link=\"https:\/\/sitetab3.ac-reims.fr\/lp-emile-baudot\/-wp-\/?attachment_id=2738\" class=\"wp-image-2738\" srcset=\"https:\/\/sitetab3.ac-reims.fr\/lp-emile-baudot\/-wp-\/wp-content\/uploads\/20241107_143223.jpg 1020w, https:\/\/sitetab3.ac-reims.fr\/lp-emile-baudot\/-wp-\/wp-content\/uploads\/20241107_143223-300x225.jpg 300w, https:\/\/sitetab3.ac-reims.fr\/lp-emile-baudot\/-wp-\/wp-content\/uploads\/20241107_143223-768x576.jpg 768w\" sizes=\"(max-width: 1020px) 100vw, 1020px\" \/><\/figure><\/li><li class=\"blocks-gallery-item\"><figure><img loading=\"lazy\" decoding=\"async\" width=\"1020\" height=\"765\" src=\"https:\/\/sitetab3.ac-reims.fr\/lp-emile-baudot\/-wp-\/wp-content\/uploads\/20241107_143345.jpg\" alt=\"\" data-id=\"2739\" data-full-url=\"https:\/\/sitetab3.ac-reims.fr\/lp-emile-baudot\/-wp-\/wp-content\/uploads\/20241107_143345.jpg\" data-link=\"https:\/\/sitetab3.ac-reims.fr\/lp-emile-baudot\/-wp-\/?attachment_id=2739\" class=\"wp-image-2739\" srcset=\"https:\/\/sitetab3.ac-reims.fr\/lp-emile-baudot\/-wp-\/wp-content\/uploads\/20241107_143345.jpg 1020w, https:\/\/sitetab3.ac-reims.fr\/lp-emile-baudot\/-wp-\/wp-content\/uploads\/20241107_143345-300x225.jpg 300w, https:\/\/sitetab3.ac-reims.fr\/lp-emile-baudot\/-wp-\/wp-content\/uploads\/20241107_143345-768x576.jpg 768w\" sizes=\"(max-width: 1020px) 100vw, 1020px\" \/><\/figure><\/li><li class=\"blocks-gallery-item\"><figure><img loading=\"lazy\" decoding=\"async\" width=\"1020\" height=\"765\" src=\"https:\/\/sitetab3.ac-reims.fr\/lp-emile-baudot\/-wp-\/wp-content\/uploads\/20241108_100946.jpg\" alt=\"\" data-id=\"2740\" data-full-url=\"https:\/\/sitetab3.ac-reims.fr\/lp-emile-baudot\/-wp-\/wp-content\/uploads\/20241108_100946.jpg\" data-link=\"https:\/\/sitetab3.ac-reims.fr\/lp-emile-baudot\/-wp-\/?attachment_id=2740\" class=\"wp-image-2740\" srcset=\"https:\/\/sitetab3.ac-reims.fr\/lp-emile-baudot\/-wp-\/wp-content\/uploads\/20241108_100946.jpg 1020w, https:\/\/sitetab3.ac-reims.fr\/lp-emile-baudot\/-wp-\/wp-content\/uploads\/20241108_100946-300x225.jpg 300w, https:\/\/sitetab3.ac-reims.fr\/lp-emile-baudot\/-wp-\/wp-content\/uploads\/20241108_100946-768x576.jpg 768w\" sizes=\"(max-width: 1020px) 100vw, 1020px\" \/><\/figure><\/li><li class=\"blocks-gallery-item\"><figure><img loading=\"lazy\" decoding=\"async\" width=\"1020\" height=\"765\" src=\"https:\/\/sitetab3.ac-reims.fr\/lp-emile-baudot\/-wp-\/wp-content\/uploads\/20241112_143536.jpg\" alt=\"\" data-id=\"2741\" data-full-url=\"https:\/\/sitetab3.ac-reims.fr\/lp-emile-baudot\/-wp-\/wp-content\/uploads\/20241112_143536.jpg\" data-link=\"https:\/\/sitetab3.ac-reims.fr\/lp-emile-baudot\/-wp-\/?attachment_id=2741\" class=\"wp-image-2741\" srcset=\"https:\/\/sitetab3.ac-reims.fr\/lp-emile-baudot\/-wp-\/wp-content\/uploads\/20241112_143536.jpg 1020w, https:\/\/sitetab3.ac-reims.fr\/lp-emile-baudot\/-wp-\/wp-content\/uploads\/20241112_143536-300x225.jpg 300w, https:\/\/sitetab3.ac-reims.fr\/lp-emile-baudot\/-wp-\/wp-content\/uploads\/20241112_143536-768x576.jpg 768w\" sizes=\"(max-width: 1020px) 100vw, 1020px\" \/><\/figure><\/li><li class=\"blocks-gallery-item\"><figure><img loading=\"lazy\" decoding=\"async\" width=\"1020\" height=\"765\" src=\"https:\/\/sitetab3.ac-reims.fr\/lp-emile-baudot\/-wp-\/wp-content\/uploads\/20241112_150153.jpg\" alt=\"\" data-id=\"2743\" data-full-url=\"https:\/\/sitetab3.ac-reims.fr\/lp-emile-baudot\/-wp-\/wp-content\/uploads\/20241112_150153.jpg\" data-link=\"https:\/\/sitetab3.ac-reims.fr\/lp-emile-baudot\/-wp-\/?attachment_id=2743\" class=\"wp-image-2743\" srcset=\"https:\/\/sitetab3.ac-reims.fr\/lp-emile-baudot\/-wp-\/wp-content\/uploads\/20241112_150153.jpg 1020w, https:\/\/sitetab3.ac-reims.fr\/lp-emile-baudot\/-wp-\/wp-content\/uploads\/20241112_150153-300x225.jpg 300w, https:\/\/sitetab3.ac-reims.fr\/lp-emile-baudot\/-wp-\/wp-content\/uploads\/20241112_150153-768x576.jpg 768w\" sizes=\"(max-width: 1020px) 100vw, 1020px\" \/><\/figure><\/li><\/ul><\/figure>\n\n\n\n<p><\/p>\n","protected":false},"excerpt":{"rendered":"<p>En novembre, les \u00e9l\u00e8ves du lyc\u00e9e professionnel Emile Baudot ont \u00e9t\u00e9 sensibilis\u00e9s \u00e0 la lutte contre le harc\u00e8lement scolaire. Cette action a d\u00e9but\u00e9 lors de la journ\u00e9e nationale de lutte contre le harc\u00e8lement scolaire du jeudi 7 novembre et s&rsquo;est poursuivie pendant le mois de novembre. A cette occasion, ils ont observ\u00e9 une exposition et [&hellip;]<\/p>\n","protected":false},"author":9,"featured_media":0,"comment_status":"closed","ping_status":"open","sticky":false,"template":"","format":"standard","meta":{"ngg_post_thumbnail":0,"footnotes":""},"categories":[85],"tags":[],"_links":{"self":[{"href":"https:\/\/sitetab3.ac-reims.fr\/lp-emile-baudot\/-wp-\/wp-json\/wp\/v2\/posts\/2731"}],"collection":[{"href":"https:\/\/sitetab3.ac-reims.fr\/lp-emile-baudot\/-wp-\/wp-json\/wp\/v2\/posts"}],"about":[{"href":"https:\/\/sitetab3.ac-reims.fr\/lp-emile-baudot\/-wp-\/wp-json\/wp\/v2\/types\/post"}],"author":[{"embeddable":true,"href":"https:\/\/sitetab3.ac-reims.fr\/lp-emile-baudot\/-wp-\/wp-json\/wp\/v2\/users\/9"}],"replies":[{"embeddable":true,"href":"https:\/\/sitetab3.ac-reims.fr\/lp-emile-baudot\/-wp-\/wp-json\/wp\/v2\/comments?post=2731"}],"version-history":[{"count":1,"href":"https:\/\/sitetab3.ac-reims.fr\/lp-emile-baudot\/-wp-\/wp-json\/wp\/v2\/posts\/2731\/revisions"}],"predecessor-version":[{"id":2770,"href":"https:\/\/sitetab3.ac-reims.fr\/lp-emile-baudot\/-wp-\/wp-json\/wp\/v2\/posts\/2731\/revisions\/2770"}],"wp:attachment":[{"href":"https:\/\/sitetab3.ac-reims.fr\/lp-emile-baudot\/-wp-\/wp-json\/wp\/v2\/media?parent=2731"}],"wp:term":[{"taxonomy":"category","embeddable":true,"href":"https:\/\/sitetab3.ac-reims.fr\/lp-emile-baudot\/-wp-\/wp-json\/wp\/v2\/categories?post=2731"},{"taxonomy":"post_tag","embeddable":true,"href":"https:\/\/sitetab3.ac-reims.fr\/lp-emile-baudot\/-wp-\/wp-json\/wp\/v2\/tags?post=2731"}],"curies":[{"name":"wp","href":"https:\/\/api.w.org\/{rel}","templated":true}]}}