{"id":2822,"date":"2024-12-12T14:37:06","date_gmt":"2024-12-12T13:37:06","guid":{"rendered":"https:\/\/sitetab3.ac-reims.fr\/lp-emile-baudot\/-wp-\/?p=2822"},"modified":"2025-04-29T15:40:15","modified_gmt":"2025-04-29T13:40:15","slug":"devoir-de-memoire-visite-du-centre-dinterpretation-marne-14-18-de-suippes-et-des-tranchees-de-la-main-de-massiges","status":"publish","type":"post","link":"https:\/\/sitetab3.ac-reims.fr\/lp-emile-baudot\/-wp-\/devoir-de-memoire-visite-du-centre-dinterpretation-marne-14-18-de-suippes-et-des-tranchees-de-la-main-de-massiges\/","title":{"rendered":"Devoir de m\u00e9moire : visite du Centre d&rsquo;Interpr\u00e9tation Marne 14-18 de Suippes et des tranch\u00e9es de la Main de Massiges"},"content":{"rendered":"<p>Mardi 19 novembre, les \u00e9l\u00e8ves de 3\u00e8me pr\u00e9pa-m\u00e9tier et de 1\u00e8res CAP (2AGA et &nbsp;AS) ont r\u00e9alis\u00e9 leur devoir de m\u00e9moire.&nbsp;<\/p>\n<p>Ils sont all\u00e9s tout d&rsquo;abord \u00e0 Suippes pour une visite guid\u00e9e du Centre d&rsquo;Interpr\u00e9tation Marne 14-18. Ce lieu de m\u00e9moire plonge les \u00e9l\u00e8ves au c\u0153ur de la guerre; de la marche vers la guerre jusqu&rsquo;\u00e0 la reconstruction. Ce mus\u00e9e aborde d\u2019un point de vue humain le conflit de ce d\u00e9but de XX<sup>\u00e8me<\/sup> si\u00e8cle, avec en outre le t\u00e9moignage de la famille Papillon dont les trois enfants ont \u00e9t\u00e9 mobilis\u00e9s. &nbsp;<\/p>\n<p>Puis, ils ont b\u00e9n\u00e9fici\u00e9 d&rsquo;une seconde visite guid\u00e9e dans les tranch\u00e9es de la Main de Massiges. Ce site doit son nom \u00e0 sa topographie particuli\u00e8re rappelant les cinq doigts de la main gauche. Plus de 300 m\u00e8tres de tranch\u00e9es, occup\u00e9es \u00e0 tour de r\u00f4le par les arm\u00e9es fran\u00e7aises et allemandes et restaur\u00e9es par une association, permettent aux visiteurs de s\u2019immerger dans la vie au sein des tranch\u00e9es.<\/p>\n\n\n<div class=\"wp-block-columns is-layout-flex wp-container-core-columns-is-layout-1 wp-block-columns-is-layout-flex\">\n<div class=\"wp-block-column is-layout-flow wp-block-column-is-layout-flow\">\n<figure class=\"wp-block-image size-large\"><img loading=\"lazy\" decoding=\"async\" width=\"768\" height=\"1024\" src=\"http:\/\/sitetab3.ac-reims.fr\/lp-emile-baudot\/-wp-\/wp-content\/uploads\/1431410744632005194-768x1024.jpg\" alt=\"\" class=\"wp-image-2823\" srcset=\"https:\/\/sitetab3.ac-reims.fr\/lp-emile-baudot\/-wp-\/wp-content\/uploads\/1431410744632005194-768x1024.jpg 768w, https:\/\/sitetab3.ac-reims.fr\/lp-emile-baudot\/-wp-\/wp-content\/uploads\/1431410744632005194-225x300.jpg 225w, https:\/\/sitetab3.ac-reims.fr\/lp-emile-baudot\/-wp-\/wp-content\/uploads\/1431410744632005194-1152x1536.jpg 1152w, https:\/\/sitetab3.ac-reims.fr\/lp-emile-baudot\/-wp-\/wp-content\/uploads\/1431410744632005194.jpg 1200w\" sizes=\"(max-width: 768px) 100vw, 768px\" \/><\/figure>\n<\/div>\n\n\n\n<div class=\"wp-block-column is-layout-flow wp-block-column-is-layout-flow\">\n<figure class=\"wp-block-image size-large\"><img loading=\"lazy\" decoding=\"async\" width=\"768\" height=\"1024\" src=\"http:\/\/sitetab3.ac-reims.fr\/lp-emile-baudot\/-wp-\/wp-content\/uploads\/4889185738935457880-768x1024.jpg\" alt=\"\" class=\"wp-image-2824\" srcset=\"https:\/\/sitetab3.ac-reims.fr\/lp-emile-baudot\/-wp-\/wp-content\/uploads\/4889185738935457880-768x1024.jpg 768w, https:\/\/sitetab3.ac-reims.fr\/lp-emile-baudot\/-wp-\/wp-content\/uploads\/4889185738935457880-225x300.jpg 225w, https:\/\/sitetab3.ac-reims.fr\/lp-emile-baudot\/-wp-\/wp-content\/uploads\/4889185738935457880-1152x1536.jpg 1152w, https:\/\/sitetab3.ac-reims.fr\/lp-emile-baudot\/-wp-\/wp-content\/uploads\/4889185738935457880.jpg 1200w\" sizes=\"(max-width: 768px) 100vw, 768px\" \/><\/figure>\n<\/div>\n\n\n\n<div class=\"wp-block-column is-layout-flow wp-block-column-is-layout-flow\">\n<figure class=\"wp-block-image size-large\"><img loading=\"lazy\" decoding=\"async\" width=\"768\" height=\"1024\" src=\"http:\/\/sitetab3.ac-reims.fr\/lp-emile-baudot\/-wp-\/wp-content\/uploads\/6282284145760427400-768x1024.jpg\" alt=\"\" class=\"wp-image-2825\" srcset=\"https:\/\/sitetab3.ac-reims.fr\/lp-emile-baudot\/-wp-\/wp-content\/uploads\/6282284145760427400-768x1024.jpg 768w, https:\/\/sitetab3.ac-reims.fr\/lp-emile-baudot\/-wp-\/wp-content\/uploads\/6282284145760427400-225x300.jpg 225w, https:\/\/sitetab3.ac-reims.fr\/lp-emile-baudot\/-wp-\/wp-content\/uploads\/6282284145760427400-1152x1536.jpg 1152w, https:\/\/sitetab3.ac-reims.fr\/lp-emile-baudot\/-wp-\/wp-content\/uploads\/6282284145760427400.jpg 1200w\" sizes=\"(max-width: 768px) 100vw, 768px\" \/><\/figure>\n<\/div>\n<\/div>\n\n\n\n<div class=\"wp-block-columns is-layout-flex wp-container-core-columns-is-layout-2 wp-block-columns-is-layout-flex\">\n<div class=\"wp-block-column is-layout-flow wp-block-column-is-layout-flow\" style=\"flex-basis:33.33%\">\n<figure class=\"wp-block-image size-large\"><img loading=\"lazy\" decoding=\"async\" width=\"768\" height=\"1024\" src=\"http:\/\/sitetab3.ac-reims.fr\/lp-emile-baudot\/-wp-\/wp-content\/uploads\/7155235133790017262-768x1024.jpg\" alt=\"\" class=\"wp-image-2826\" srcset=\"https:\/\/sitetab3.ac-reims.fr\/lp-emile-baudot\/-wp-\/wp-content\/uploads\/7155235133790017262-768x1024.jpg 768w, https:\/\/sitetab3.ac-reims.fr\/lp-emile-baudot\/-wp-\/wp-content\/uploads\/7155235133790017262-225x300.jpg 225w, https:\/\/sitetab3.ac-reims.fr\/lp-emile-baudot\/-wp-\/wp-content\/uploads\/7155235133790017262-1152x1536.jpg 1152w, https:\/\/sitetab3.ac-reims.fr\/lp-emile-baudot\/-wp-\/wp-content\/uploads\/7155235133790017262.jpg 1200w\" sizes=\"(max-width: 768px) 100vw, 768px\" \/><\/figure>\n<\/div>\n\n\n\n<div class=\"wp-block-column is-layout-flow wp-block-column-is-layout-flow\" style=\"flex-basis:66.66%\">\n<figure class=\"wp-block-image size-large\"><img loading=\"lazy\" decoding=\"async\" width=\"1024\" height=\"768\" src=\"http:\/\/sitetab3.ac-reims.fr\/lp-emile-baudot\/-wp-\/wp-content\/uploads\/8486052281074234181-1024x768.jpg\" alt=\"\" class=\"wp-image-2827\" srcset=\"https:\/\/sitetab3.ac-reims.fr\/lp-emile-baudot\/-wp-\/wp-content\/uploads\/8486052281074234181-1024x768.jpg 1024w, https:\/\/sitetab3.ac-reims.fr\/lp-emile-baudot\/-wp-\/wp-content\/uploads\/8486052281074234181-300x225.jpg 300w, https:\/\/sitetab3.ac-reims.fr\/lp-emile-baudot\/-wp-\/wp-content\/uploads\/8486052281074234181-768x576.jpg 768w, https:\/\/sitetab3.ac-reims.fr\/lp-emile-baudot\/-wp-\/wp-content\/uploads\/8486052281074234181-1536x1152.jpg 1536w, https:\/\/sitetab3.ac-reims.fr\/lp-emile-baudot\/-wp-\/wp-content\/uploads\/8486052281074234181.jpg 1600w\" sizes=\"(max-width: 1024px) 100vw, 1024px\" \/><\/figure>\n<\/div>\n<\/div>\n","protected":false},"excerpt":{"rendered":"<p>Mardi 19 novembre, les \u00e9l\u00e8ves de 3\u00e8me pr\u00e9pa-m\u00e9tier et de 1\u00e8res CAP (2AGA et &nbsp;AS) ont r\u00e9alis\u00e9 leur devoir de m\u00e9moire.&nbsp; Ils sont all\u00e9s tout d&rsquo;abord \u00e0 Suippes pour une visite guid\u00e9e du Centre d&rsquo;Interpr\u00e9tation Marne 14-18. Ce lieu de m\u00e9moire plonge les \u00e9l\u00e8ves au c\u0153ur de la guerre; de la marche vers la guerre [&hellip;]<\/p>\n","protected":false},"author":9,"featured_media":0,"comment_status":"closed","ping_status":"open","sticky":false,"template":"","format":"standard","meta":{"ngg_post_thumbnail":0,"footnotes":""},"categories":[85],"tags":[],"_links":{"self":[{"href":"https:\/\/sitetab3.ac-reims.fr\/lp-emile-baudot\/-wp-\/wp-json\/wp\/v2\/posts\/2822"}],"collection":[{"href":"https:\/\/sitetab3.ac-reims.fr\/lp-emile-baudot\/-wp-\/wp-json\/wp\/v2\/posts"}],"about":[{"href":"https:\/\/sitetab3.ac-reims.fr\/lp-emile-baudot\/-wp-\/wp-json\/wp\/v2\/types\/post"}],"author":[{"embeddable":true,"href":"https:\/\/sitetab3.ac-reims.fr\/lp-emile-baudot\/-wp-\/wp-json\/wp\/v2\/users\/9"}],"replies":[{"embeddable":true,"href":"https:\/\/sitetab3.ac-reims.fr\/lp-emile-baudot\/-wp-\/wp-json\/wp\/v2\/comments?post=2822"}],"version-history":[{"count":2,"href":"https:\/\/sitetab3.ac-reims.fr\/lp-emile-baudot\/-wp-\/wp-json\/wp\/v2\/posts\/2822\/revisions"}],"predecessor-version":[{"id":3244,"href":"https:\/\/sitetab3.ac-reims.fr\/lp-emile-baudot\/-wp-\/wp-json\/wp\/v2\/posts\/2822\/revisions\/3244"}],"wp:attachment":[{"href":"https:\/\/sitetab3.ac-reims.fr\/lp-emile-baudot\/-wp-\/wp-json\/wp\/v2\/media?parent=2822"}],"wp:term":[{"taxonomy":"category","embeddable":true,"href":"https:\/\/sitetab3.ac-reims.fr\/lp-emile-baudot\/-wp-\/wp-json\/wp\/v2\/categories?post=2822"},{"taxonomy":"post_tag","embeddable":true,"href":"https:\/\/sitetab3.ac-reims.fr\/lp-emile-baudot\/-wp-\/wp-json\/wp\/v2\/tags?post=2822"}],"curies":[{"name":"wp","href":"https:\/\/api.w.org\/{rel}","templated":true}]}}