{"id":2874,"date":"2025-03-18T17:14:02","date_gmt":"2025-03-18T16:14:02","guid":{"rendered":"https:\/\/sitetab3.ac-reims.fr\/lp-emile-baudot\/-wp-\/?p=2874"},"modified":"2025-04-29T15:40:10","modified_gmt":"2025-04-29T13:40:10","slug":"theatre-la-meute-spectacle-de-sensibilisation-citoyenne","status":"publish","type":"post","link":"https:\/\/sitetab3.ac-reims.fr\/lp-emile-baudot\/-wp-\/theatre-la-meute-spectacle-de-sensibilisation-citoyenne\/","title":{"rendered":"Th\u00e9\u00e2tre : La meute, spectacle de sensibilisation citoyenne"},"content":{"rendered":"<p>Dans le cadre du Parcours Citoyen, les \u00e9l\u00e8ves d\u00e9l\u00e9gu\u00e9s, \u00e9co-d\u00e9l\u00e9gu\u00e9s et ambassadeurs de la lutte contre le harc\u00e8lement scolaire ont assist\u00e9 \u00e0 la pi\u00e8ce de th\u00e9\u00e2tre <i>La meute<\/i> qui s&rsquo;inspire de la nouvelle <i>Boule de suif<\/i> de Guy de Maupassant.<\/p>\n<p>Seul sur sc\u00e8ne, le com\u00e9dien Yannick Laubin, interpr\u00e8te un professeur de lettres qui tisse des liens entre l\u2019\u0153uvre de Maupassant et l&rsquo;actualit\u00e9 du harc\u00e8lement. Au fil de la pi\u00e8ce, le com\u00e9dien navigue entre l&rsquo;histoire de \u00ab\u00a0Boule de Suif\u00a0\u00bb, une jeune femme nomm\u00e9e Elisabeth Rousset et la salle de classe, tout en d\u00e9codant les m\u00e9canismes de l&rsquo;esprit de meute et de bouc \u00e9missaire.<\/p>\n\n\n<div class=\"wp-block-columns is-layout-flex wp-container-core-columns-is-layout-1 wp-block-columns-is-layout-flex\">\n<div class=\"wp-block-column is-layout-flow wp-block-column-is-layout-flow\">\n<figure class=\"wp-block-image size-full\"><img loading=\"lazy\" decoding=\"async\" width=\"1020\" height=\"765\" src=\"https:\/\/sitetab3.ac-reims.fr\/lp-emile-baudot\/-wp-\/wp-content\/uploads\/20250224_095553.jpg\" alt=\"\" class=\"wp-image-2875\" srcset=\"https:\/\/sitetab3.ac-reims.fr\/lp-emile-baudot\/-wp-\/wp-content\/uploads\/20250224_095553.jpg 1020w, https:\/\/sitetab3.ac-reims.fr\/lp-emile-baudot\/-wp-\/wp-content\/uploads\/20250224_095553-300x225.jpg 300w, https:\/\/sitetab3.ac-reims.fr\/lp-emile-baudot\/-wp-\/wp-content\/uploads\/20250224_095553-768x576.jpg 768w\" sizes=\"(max-width: 1020px) 100vw, 1020px\" \/><\/figure>\n<\/div>\n\n\n\n<div class=\"wp-block-column is-layout-flow wp-block-column-is-layout-flow\">\n<figure class=\"wp-block-image size-full\"><img loading=\"lazy\" decoding=\"async\" width=\"1020\" height=\"765\" src=\"https:\/\/sitetab3.ac-reims.fr\/lp-emile-baudot\/-wp-\/wp-content\/uploads\/20250224_095529.jpg\" alt=\"\" class=\"wp-image-2876\" srcset=\"https:\/\/sitetab3.ac-reims.fr\/lp-emile-baudot\/-wp-\/wp-content\/uploads\/20250224_095529.jpg 1020w, https:\/\/sitetab3.ac-reims.fr\/lp-emile-baudot\/-wp-\/wp-content\/uploads\/20250224_095529-300x225.jpg 300w, https:\/\/sitetab3.ac-reims.fr\/lp-emile-baudot\/-wp-\/wp-content\/uploads\/20250224_095529-768x576.jpg 768w\" sizes=\"(max-width: 1020px) 100vw, 1020px\" \/><\/figure>\n<\/div>\n\n\n\n<div class=\"wp-block-column is-layout-flow wp-block-column-is-layout-flow\">\n<figure class=\"wp-block-image size-full\"><img loading=\"lazy\" decoding=\"async\" width=\"1020\" height=\"765\" src=\"https:\/\/sitetab3.ac-reims.fr\/lp-emile-baudot\/-wp-\/wp-content\/uploads\/20250224_115303.jpg\" alt=\"\" class=\"wp-image-2878\" srcset=\"https:\/\/sitetab3.ac-reims.fr\/lp-emile-baudot\/-wp-\/wp-content\/uploads\/20250224_115303.jpg 1020w, https:\/\/sitetab3.ac-reims.fr\/lp-emile-baudot\/-wp-\/wp-content\/uploads\/20250224_115303-300x225.jpg 300w, https:\/\/sitetab3.ac-reims.fr\/lp-emile-baudot\/-wp-\/wp-content\/uploads\/20250224_115303-768x576.jpg 768w\" sizes=\"(max-width: 1020px) 100vw, 1020px\" \/><\/figure>\n<\/div>\n<\/div>\n\n\n\n<figure class=\"wp-block-image size-large\"><img loading=\"lazy\" decoding=\"async\" width=\"724\" height=\"1024\" src=\"http:\/\/sitetab3.ac-reims.fr\/lp-emile-baudot\/-wp-\/wp-content\/uploads\/Bouledesuif_page-0001-724x1024.jpg\" alt=\"\" class=\"wp-image-2877\" srcset=\"https:\/\/sitetab3.ac-reims.fr\/lp-emile-baudot\/-wp-\/wp-content\/uploads\/Bouledesuif_page-0001-724x1024.jpg 724w, https:\/\/sitetab3.ac-reims.fr\/lp-emile-baudot\/-wp-\/wp-content\/uploads\/Bouledesuif_page-0001-212x300.jpg 212w, https:\/\/sitetab3.ac-reims.fr\/lp-emile-baudot\/-wp-\/wp-content\/uploads\/Bouledesuif_page-0001-768x1086.jpg 768w, https:\/\/sitetab3.ac-reims.fr\/lp-emile-baudot\/-wp-\/wp-content\/uploads\/Bouledesuif_page-0001-1086x1536.jpg 1086w, https:\/\/sitetab3.ac-reims.fr\/lp-emile-baudot\/-wp-\/wp-content\/uploads\/Bouledesuif_page-0001.jpg 1240w\" sizes=\"(max-width: 724px) 100vw, 724px\" \/><\/figure>\n","protected":false},"excerpt":{"rendered":"<p>Dans le cadre du Parcours Citoyen, les \u00e9l\u00e8ves d\u00e9l\u00e9gu\u00e9s, \u00e9co-d\u00e9l\u00e9gu\u00e9s et ambassadeurs de la lutte contre le harc\u00e8lement scolaire ont assist\u00e9 \u00e0 la pi\u00e8ce de th\u00e9\u00e2tre La meute qui s&rsquo;inspire de la nouvelle Boule de suif de Guy de Maupassant. Seul sur sc\u00e8ne, le com\u00e9dien Yannick Laubin, interpr\u00e8te un professeur de lettres qui tisse des [&hellip;]<\/p>\n","protected":false},"author":9,"featured_media":0,"comment_status":"closed","ping_status":"open","sticky":false,"template":"","format":"standard","meta":{"ngg_post_thumbnail":0,"footnotes":""},"categories":[85],"tags":[],"_links":{"self":[{"href":"https:\/\/sitetab3.ac-reims.fr\/lp-emile-baudot\/-wp-\/wp-json\/wp\/v2\/posts\/2874"}],"collection":[{"href":"https:\/\/sitetab3.ac-reims.fr\/lp-emile-baudot\/-wp-\/wp-json\/wp\/v2\/posts"}],"about":[{"href":"https:\/\/sitetab3.ac-reims.fr\/lp-emile-baudot\/-wp-\/wp-json\/wp\/v2\/types\/post"}],"author":[{"embeddable":true,"href":"https:\/\/sitetab3.ac-reims.fr\/lp-emile-baudot\/-wp-\/wp-json\/wp\/v2\/users\/9"}],"replies":[{"embeddable":true,"href":"https:\/\/sitetab3.ac-reims.fr\/lp-emile-baudot\/-wp-\/wp-json\/wp\/v2\/comments?post=2874"}],"version-history":[{"count":1,"href":"https:\/\/sitetab3.ac-reims.fr\/lp-emile-baudot\/-wp-\/wp-json\/wp\/v2\/posts\/2874\/revisions"}],"predecessor-version":[{"id":2881,"href":"https:\/\/sitetab3.ac-reims.fr\/lp-emile-baudot\/-wp-\/wp-json\/wp\/v2\/posts\/2874\/revisions\/2881"}],"wp:attachment":[{"href":"https:\/\/sitetab3.ac-reims.fr\/lp-emile-baudot\/-wp-\/wp-json\/wp\/v2\/media?parent=2874"}],"wp:term":[{"taxonomy":"category","embeddable":true,"href":"https:\/\/sitetab3.ac-reims.fr\/lp-emile-baudot\/-wp-\/wp-json\/wp\/v2\/categories?post=2874"},{"taxonomy":"post_tag","embeddable":true,"href":"https:\/\/sitetab3.ac-reims.fr\/lp-emile-baudot\/-wp-\/wp-json\/wp\/v2\/tags?post=2874"}],"curies":[{"name":"wp","href":"https:\/\/api.w.org\/{rel}","templated":true}]}}