{"id":2913,"date":"2025-04-22T11:21:43","date_gmt":"2025-04-22T09:21:43","guid":{"rendered":"https:\/\/sitetab3.ac-reims.fr\/lp-emile-baudot\/-wp-\/?p=2913"},"modified":"2025-04-29T15:39:53","modified_gmt":"2025-04-29T13:39:53","slug":"cinejustice-justice-et-verite","status":"publish","type":"post","link":"https:\/\/sitetab3.ac-reims.fr\/lp-emile-baudot\/-wp-\/cinejustice-justice-et-verite\/","title":{"rendered":"Cin\u00e9justice : \u00ab\u00a0Justice et V\u00e9rit\u00e9\u00a0\u00bb"},"content":{"rendered":"<p>Ce vendredi 14 mars, les \u00e9l\u00e8ves du lyc\u00e9e professionnel \u00c9mile Baudot (Terminales Bac pro M\u00e9tiers de la S\u00e9curit\u00e9 et M\u00e9tiers du Commerce et de la Vente, Premi\u00e8re et Seconde ann\u00e9es de BTS Management Op\u00e9rationnel de la S\u00e9curit\u00e9) ont particip\u00e9 au dispositif Cin\u00e9justice organis\u00e9 par le CDAD (Conseil D\u00e9partemental de l\u2019Acc\u00e8s au Droit) au Cin\u00e9quai de Saint-Dizier.<\/p>\n<p>Cette ann\u00e9e, le th\u00e8me du dispositif est \u00ab\u00a0Justice et V\u00e9riti\u00e9\u00a0\u00bb avec le film <em>Le fil <\/em> de Daniel Auteuil inspir\u00e9 du <em>Livre de Ma\u00eetre M\u00f4<\/em> \u00e9crit par l&rsquo;avocat du barreau Jean-Yves Moyart. Les \u00e9l\u00e8ves se sont ainsi int\u00e9ress\u00e9s au m\u00e9tier d&rsquo;avocat du barreau, ses missions professionnelles et \u00e9galement \u00e0 la notion d&rsquo;intime conviction. Apr\u00e8s avoir visionn\u00e9 le film <em>Le fil<\/em>, ils ont interrog\u00e9 et \u00e9chang\u00e9 avec une magistrate, un avocat du barreau et un gendarme. <\/p>\n<p>&nbsp;<\/p>\n\n\n<figure class=\"wp-block-image size-large\"><img loading=\"lazy\" decoding=\"async\" width=\"1024\" height=\"768\" src=\"https:\/\/sitetab3.ac-reims.fr\/lp-emile-baudot\/-wp-\/wp-content\/uploads\/20250314_111136-1024x768.jpg\" alt=\"\" class=\"wp-image-2914\" srcset=\"https:\/\/sitetab3.ac-reims.fr\/lp-emile-baudot\/-wp-\/wp-content\/uploads\/20250314_111136-1024x768.jpg 1024w, https:\/\/sitetab3.ac-reims.fr\/lp-emile-baudot\/-wp-\/wp-content\/uploads\/20250314_111136-300x225.jpg 300w, https:\/\/sitetab3.ac-reims.fr\/lp-emile-baudot\/-wp-\/wp-content\/uploads\/20250314_111136-768x576.jpg 768w, https:\/\/sitetab3.ac-reims.fr\/lp-emile-baudot\/-wp-\/wp-content\/uploads\/20250314_111136-1536x1152.jpg 1536w, https:\/\/sitetab3.ac-reims.fr\/lp-emile-baudot\/-wp-\/wp-content\/uploads\/20250314_111136-2048x1536.jpg 2048w\" sizes=\"(max-width: 1024px) 100vw, 1024px\" \/><\/figure>\n","protected":false},"excerpt":{"rendered":"<p>Ce vendredi 14 mars, les \u00e9l\u00e8ves du lyc\u00e9e professionnel \u00c9mile Baudot (Terminales Bac pro M\u00e9tiers de la S\u00e9curit\u00e9 et M\u00e9tiers du Commerce et de la Vente, Premi\u00e8re et Seconde ann\u00e9es de BTS Management Op\u00e9rationnel de la S\u00e9curit\u00e9) ont particip\u00e9 au dispositif Cin\u00e9justice organis\u00e9 par le CDAD (Conseil D\u00e9partemental de l\u2019Acc\u00e8s au Droit) au Cin\u00e9quai de [&hellip;]<\/p>\n","protected":false},"author":9,"featured_media":0,"comment_status":"closed","ping_status":"open","sticky":false,"template":"","format":"standard","meta":{"ngg_post_thumbnail":0,"footnotes":""},"categories":[85],"tags":[],"_links":{"self":[{"href":"https:\/\/sitetab3.ac-reims.fr\/lp-emile-baudot\/-wp-\/wp-json\/wp\/v2\/posts\/2913"}],"collection":[{"href":"https:\/\/sitetab3.ac-reims.fr\/lp-emile-baudot\/-wp-\/wp-json\/wp\/v2\/posts"}],"about":[{"href":"https:\/\/sitetab3.ac-reims.fr\/lp-emile-baudot\/-wp-\/wp-json\/wp\/v2\/types\/post"}],"author":[{"embeddable":true,"href":"https:\/\/sitetab3.ac-reims.fr\/lp-emile-baudot\/-wp-\/wp-json\/wp\/v2\/users\/9"}],"replies":[{"embeddable":true,"href":"https:\/\/sitetab3.ac-reims.fr\/lp-emile-baudot\/-wp-\/wp-json\/wp\/v2\/comments?post=2913"}],"version-history":[{"count":1,"href":"https:\/\/sitetab3.ac-reims.fr\/lp-emile-baudot\/-wp-\/wp-json\/wp\/v2\/posts\/2913\/revisions"}],"predecessor-version":[{"id":2915,"href":"https:\/\/sitetab3.ac-reims.fr\/lp-emile-baudot\/-wp-\/wp-json\/wp\/v2\/posts\/2913\/revisions\/2915"}],"wp:attachment":[{"href":"https:\/\/sitetab3.ac-reims.fr\/lp-emile-baudot\/-wp-\/wp-json\/wp\/v2\/media?parent=2913"}],"wp:term":[{"taxonomy":"category","embeddable":true,"href":"https:\/\/sitetab3.ac-reims.fr\/lp-emile-baudot\/-wp-\/wp-json\/wp\/v2\/categories?post=2913"},{"taxonomy":"post_tag","embeddable":true,"href":"https:\/\/sitetab3.ac-reims.fr\/lp-emile-baudot\/-wp-\/wp-json\/wp\/v2\/tags?post=2913"}],"curies":[{"name":"wp","href":"https:\/\/api.w.org\/{rel}","templated":true}]}}