{"id":3082,"date":"2025-05-14T10:19:45","date_gmt":"2025-05-14T08:19:45","guid":{"rendered":"https:\/\/sitetab3.ac-reims.fr\/lp-emile-baudot\/-wp-\/?p=3082"},"modified":"2025-05-14T10:19:47","modified_gmt":"2025-05-14T08:19:47","slug":"visite-de-lehpad-de-joinville","status":"publish","type":"post","link":"https:\/\/sitetab3.ac-reims.fr\/lp-emile-baudot\/-wp-\/visite-de-lehpad-de-joinville\/","title":{"rendered":"Visite de l&rsquo;EHPAD de Joinville"},"content":{"rendered":"<p>Le vendredi 13 d\u00e9cembre 2024, les \u00e9l\u00e8ves de 1<sup>\u00e8re<\/sup> CAP 2AGA (Agent Accompagnant au Grand \u00c2ge) du Lyc\u00e9e Professionnel \u00ab&nbsp;\u00c9mile Baudot&nbsp;\u00bb de Wassy ont \u00e9t\u00e9 \u00e0 la rencontre des r\u00e9sidents et du personnel de l\u2019EHPAD de Joinville.<\/p>\n<p>Cette rencontre avait pour but d\u2019interroger le personnel sur les diff\u00e9rents m\u00e9tiers exerc\u00e9s (ASH, Personnel de Direction, Animateur, Aide-soignant)&nbsp;; mais aussi de questionner les r\u00e9sidents sur leurs souvenirs de No\u00ebl.<\/p>\n<p>Pour cela, les lyc\u00e9ens se sont pr\u00e9sent\u00e9s chacun leur tour avant d\u2019\u00e9changer avec le personnel et les r\u00e9sidents. \u00c0 la fin de cette rencontre, un calendrier de l\u2019Avent a \u00e9t\u00e9 offert \u00e0 l\u2019EHPAD. Ce calendrier contient des anciennes d\u00e9corations de No\u00ebl (Boules, Sujets, Rosaces, Tranches d\u2019oranges s\u00e9ch\u00e9es et d\u00e9cor\u00e9es, \u2026) enti\u00e8rement fabriqu\u00e9es par les \u00e9l\u00e8ves dans le cadre de leurs cours.<\/p>\n<p>L\u2019ensemble des intervenants a appr\u00e9ci\u00e9 ce joyeux moment de partage interg\u00e9n\u00e9rationnel, \u00e0 la fois dr\u00f4le et \u00e9mouvant. Les \u00e9l\u00e8ves ont \u00e9t\u00e9 fiers de constater que leur travail a \u00e9t\u00e9 appr\u00e9ci\u00e9 par les r\u00e9sidents et le personnel. D\u00e9sormais, gr\u00e2ce \u00e0 cette 1<sup>\u00e8re<\/sup> visite en EHPAD, les lyc\u00e9ens confient avoir moins peur de communiquer avec les r\u00e9sidents, ce qui se r\u00e9v\u00e8lera \u00eatre un atout dans la suite de leur parcours scolaire.<\/p>\n<p>&nbsp;<\/p>\n\n\n<figure class=\"wp-block-image size-large\"><img loading=\"lazy\" decoding=\"async\" width=\"1024\" height=\"768\" src=\"http:\/\/sitetab3.ac-reims.fr\/lp-emile-baudot\/-wp-\/wp-content\/uploads\/IMG_2024-12-13-14-52-28-332-1024x768.jpg\" alt=\"\" class=\"wp-image-3083\" srcset=\"https:\/\/sitetab3.ac-reims.fr\/lp-emile-baudot\/-wp-\/wp-content\/uploads\/IMG_2024-12-13-14-52-28-332-1024x768.jpg 1024w, https:\/\/sitetab3.ac-reims.fr\/lp-emile-baudot\/-wp-\/wp-content\/uploads\/IMG_2024-12-13-14-52-28-332-300x225.jpg 300w, https:\/\/sitetab3.ac-reims.fr\/lp-emile-baudot\/-wp-\/wp-content\/uploads\/IMG_2024-12-13-14-52-28-332-768x576.jpg 768w, https:\/\/sitetab3.ac-reims.fr\/lp-emile-baudot\/-wp-\/wp-content\/uploads\/IMG_2024-12-13-14-52-28-332-1536x1152.jpg 1536w, https:\/\/sitetab3.ac-reims.fr\/lp-emile-baudot\/-wp-\/wp-content\/uploads\/IMG_2024-12-13-14-52-28-332-2048x1536.jpg 2048w\" sizes=\"(max-width: 1024px) 100vw, 1024px\" \/><\/figure>\n","protected":false},"excerpt":{"rendered":"<p>Le vendredi 13 d\u00e9cembre 2024, les \u00e9l\u00e8ves de 1\u00e8re CAP 2AGA (Agent Accompagnant au Grand \u00c2ge) du Lyc\u00e9e Professionnel \u00ab&nbsp;\u00c9mile Baudot&nbsp;\u00bb de Wassy ont \u00e9t\u00e9 \u00e0 la rencontre des r\u00e9sidents et du personnel de l\u2019EHPAD de Joinville. Cette rencontre avait pour but d\u2019interroger le personnel sur les diff\u00e9rents m\u00e9tiers exerc\u00e9s (ASH, Personnel de Direction, Animateur, [&hellip;]<\/p>\n","protected":false},"author":9,"featured_media":0,"comment_status":"closed","ping_status":"open","sticky":false,"template":"","format":"standard","meta":{"ngg_post_thumbnail":0,"footnotes":""},"categories":[85],"tags":[],"_links":{"self":[{"href":"https:\/\/sitetab3.ac-reims.fr\/lp-emile-baudot\/-wp-\/wp-json\/wp\/v2\/posts\/3082"}],"collection":[{"href":"https:\/\/sitetab3.ac-reims.fr\/lp-emile-baudot\/-wp-\/wp-json\/wp\/v2\/posts"}],"about":[{"href":"https:\/\/sitetab3.ac-reims.fr\/lp-emile-baudot\/-wp-\/wp-json\/wp\/v2\/types\/post"}],"author":[{"embeddable":true,"href":"https:\/\/sitetab3.ac-reims.fr\/lp-emile-baudot\/-wp-\/wp-json\/wp\/v2\/users\/9"}],"replies":[{"embeddable":true,"href":"https:\/\/sitetab3.ac-reims.fr\/lp-emile-baudot\/-wp-\/wp-json\/wp\/v2\/comments?post=3082"}],"version-history":[{"count":1,"href":"https:\/\/sitetab3.ac-reims.fr\/lp-emile-baudot\/-wp-\/wp-json\/wp\/v2\/posts\/3082\/revisions"}],"predecessor-version":[{"id":3084,"href":"https:\/\/sitetab3.ac-reims.fr\/lp-emile-baudot\/-wp-\/wp-json\/wp\/v2\/posts\/3082\/revisions\/3084"}],"wp:attachment":[{"href":"https:\/\/sitetab3.ac-reims.fr\/lp-emile-baudot\/-wp-\/wp-json\/wp\/v2\/media?parent=3082"}],"wp:term":[{"taxonomy":"category","embeddable":true,"href":"https:\/\/sitetab3.ac-reims.fr\/lp-emile-baudot\/-wp-\/wp-json\/wp\/v2\/categories?post=3082"},{"taxonomy":"post_tag","embeddable":true,"href":"https:\/\/sitetab3.ac-reims.fr\/lp-emile-baudot\/-wp-\/wp-json\/wp\/v2\/tags?post=3082"}],"curies":[{"name":"wp","href":"https:\/\/api.w.org\/{rel}","templated":true}]}}