{"id":3127,"date":"2025-06-17T13:31:33","date_gmt":"2025-06-17T11:31:33","guid":{"rendered":"https:\/\/sitetab3.ac-reims.fr\/lp-emile-baudot\/-wp-\/?p=3127"},"modified":"2025-06-19T11:29:30","modified_gmt":"2025-06-19T09:29:30","slug":"ceremonie-du-ravivage-de-la-flamme-sur-la-tombe-du-soldat-inconnu-2bpms","status":"publish","type":"post","link":"https:\/\/sitetab3.ac-reims.fr\/lp-emile-baudot\/-wp-\/ceremonie-du-ravivage-de-la-flamme-sur-la-tombe-du-soldat-inconnu-2bpms\/","title":{"rendered":"C\u00e9r\u00e9monie du ravivage de la flamme sur la tombe du soldat inconnu &#8211; 2BPMS"},"content":{"rendered":"\n<p>Le mardi 27 mai, les \u00e9l\u00e8ves de 2BPMS ont particip\u00e9 \u00e0 la c\u00e9r\u00e9monie du ravivage de la flamme sur la tombe du soldat inconnu sous l&rsquo;Arc de Triomphe \u00e0 Paris. Ils \u00e9taient accompagn\u00e9s par M. Daniel Fa\u00efs, pr\u00e9sident de la section de Joinville-Wassy de l&rsquo;Union d\u00e9partementale de la M\u00e9daille militaire de Haute-Marne.&nbsp;<\/p>\n\n\n\n<p>Les \u00e9l\u00e8ves de la classe ont r\u00e9alis\u00e9 \u00e0 la suite de l&rsquo;action un flyer et un article (ci-dessous).<\/p>\n\n\n\n<p>L&rsquo;engagement des \u00e9l\u00e8ves a \u00e9t\u00e9 ensuite r\u00e9compens\u00e9 lors d&rsquo;une c\u00e9r\u00e9monie de remise de dipl\u00f4me d&rsquo;honneur de ravivage de la flamme organis\u00e9e au LP Emile Baudot. Pour en d\u00e9couvrir plus, cliquez <a href=\"http:\/\/sitetab3.ac-reims.fr\/lp-emile-baudot\/-wp-\/wp-content\/uploads\/Article-JHM-Ravivage-flamme-et-ceremonie.pdf\" target=\"_blank\" rel=\"noreferrer noopener\">ici<\/a> pour lire l&rsquo;article du JHM.<\/p>\n\n\n\n<figure class=\"wp-block-image size-large is-resized\"><a href=\"http:\/\/sitetab3.ac-reims.fr\/lp-emile-baudot\/-wp-\/wp-content\/uploads\/Article-de-presse-Ravivage-de-la-flamme-du-soldat-inconnu.-Mathys.D-Ryhan-Victorine-Lucie-Ferdi.pdf\" target=\"_blank\" rel=\"noreferrer noopener\"><img loading=\"lazy\" decoding=\"async\" width=\"724\" height=\"1024\" src=\"https:\/\/sitetab3.ac-reims.fr\/lp-emile-baudot\/-wp-\/wp-content\/uploads\/Article-de-presse-Ravivage-de-la-flamme-du-soldat-inconnu.-Mathys.D-Ryhan-Victorine-Lucie-Ferdi-724x1024.jpg\" alt=\"\" class=\"wp-image-3128\" style=\"width:840px;height:auto\" srcset=\"https:\/\/sitetab3.ac-reims.fr\/lp-emile-baudot\/-wp-\/wp-content\/uploads\/Article-de-presse-Ravivage-de-la-flamme-du-soldat-inconnu.-Mathys.D-Ryhan-Victorine-Lucie-Ferdi-724x1024.jpg 724w, https:\/\/sitetab3.ac-reims.fr\/lp-emile-baudot\/-wp-\/wp-content\/uploads\/Article-de-presse-Ravivage-de-la-flamme-du-soldat-inconnu.-Mathys.D-Ryhan-Victorine-Lucie-Ferdi-212x300.jpg 212w, https:\/\/sitetab3.ac-reims.fr\/lp-emile-baudot\/-wp-\/wp-content\/uploads\/Article-de-presse-Ravivage-de-la-flamme-du-soldat-inconnu.-Mathys.D-Ryhan-Victorine-Lucie-Ferdi-768x1086.jpg 768w, https:\/\/sitetab3.ac-reims.fr\/lp-emile-baudot\/-wp-\/wp-content\/uploads\/Article-de-presse-Ravivage-de-la-flamme-du-soldat-inconnu.-Mathys.D-Ryhan-Victorine-Lucie-Ferdi-1086x1536.jpg 1086w, https:\/\/sitetab3.ac-reims.fr\/lp-emile-baudot\/-wp-\/wp-content\/uploads\/Article-de-presse-Ravivage-de-la-flamme-du-soldat-inconnu.-Mathys.D-Ryhan-Victorine-Lucie-Ferdi.jpg 1414w\" sizes=\"(max-width: 724px) 100vw, 724px\" \/><\/a><\/figure>\n","protected":false},"excerpt":{"rendered":"<p>Le mardi 27 mai, les \u00e9l\u00e8ves de 2BPMS ont particip\u00e9 \u00e0 la c\u00e9r\u00e9monie du ravivage de la flamme sur la tombe du soldat inconnu sous l&rsquo;Arc de Triomphe \u00e0 Paris. Ils \u00e9taient accompagn\u00e9s par M. Daniel Fa\u00efs, pr\u00e9sident de la section de Joinville-Wassy de l&rsquo;Union d\u00e9partementale de la M\u00e9daille militaire de Haute-Marne.&nbsp; Les \u00e9l\u00e8ves de [&hellip;]<\/p>\n","protected":false},"author":9,"featured_media":0,"comment_status":"closed","ping_status":"open","sticky":false,"template":"","format":"standard","meta":{"ngg_post_thumbnail":0,"footnotes":""},"categories":[85],"tags":[],"_links":{"self":[{"href":"https:\/\/sitetab3.ac-reims.fr\/lp-emile-baudot\/-wp-\/wp-json\/wp\/v2\/posts\/3127"}],"collection":[{"href":"https:\/\/sitetab3.ac-reims.fr\/lp-emile-baudot\/-wp-\/wp-json\/wp\/v2\/posts"}],"about":[{"href":"https:\/\/sitetab3.ac-reims.fr\/lp-emile-baudot\/-wp-\/wp-json\/wp\/v2\/types\/post"}],"author":[{"embeddable":true,"href":"https:\/\/sitetab3.ac-reims.fr\/lp-emile-baudot\/-wp-\/wp-json\/wp\/v2\/users\/9"}],"replies":[{"embeddable":true,"href":"https:\/\/sitetab3.ac-reims.fr\/lp-emile-baudot\/-wp-\/wp-json\/wp\/v2\/comments?post=3127"}],"version-history":[{"count":6,"href":"https:\/\/sitetab3.ac-reims.fr\/lp-emile-baudot\/-wp-\/wp-json\/wp\/v2\/posts\/3127\/revisions"}],"predecessor-version":[{"id":3160,"href":"https:\/\/sitetab3.ac-reims.fr\/lp-emile-baudot\/-wp-\/wp-json\/wp\/v2\/posts\/3127\/revisions\/3160"}],"wp:attachment":[{"href":"https:\/\/sitetab3.ac-reims.fr\/lp-emile-baudot\/-wp-\/wp-json\/wp\/v2\/media?parent=3127"}],"wp:term":[{"taxonomy":"category","embeddable":true,"href":"https:\/\/sitetab3.ac-reims.fr\/lp-emile-baudot\/-wp-\/wp-json\/wp\/v2\/categories?post=3127"},{"taxonomy":"post_tag","embeddable":true,"href":"https:\/\/sitetab3.ac-reims.fr\/lp-emile-baudot\/-wp-\/wp-json\/wp\/v2\/tags?post=3127"}],"curies":[{"name":"wp","href":"https:\/\/api.w.org\/{rel}","templated":true}]}}