{"id":3394,"date":"2026-04-28T17:35:53","date_gmt":"2026-04-28T15:35:53","guid":{"rendered":"https:\/\/sitetab3.ac-reims.fr\/lp-emile-baudot\/-wp-\/?p=3394"},"modified":"2026-04-28T17:35:53","modified_gmt":"2026-04-28T15:35:53","slug":"cinema-en-vo-pour-les-1eres-bac-pro","status":"publish","type":"post","link":"https:\/\/sitetab3.ac-reims.fr\/lp-emile-baudot\/-wp-\/cinema-en-vo-pour-les-1eres-bac-pro\/","title":{"rendered":"Cin\u00e9ma en VO pour les 1\u00e8res Bac pro"},"content":{"rendered":"<p>Dans le cadre de leur cours d&rsquo;anglais, les \u00e9l\u00e8ves de 1\u00e8res Bac pro (MCV et MS) ont travaill\u00e9 sur le classique de la litt\u00e9rature\u00a0<em>Dracula\u00a0<\/em>de Bram Stoker.\u00a0<\/p>\n<p>Le mardi 20 janvier, les deux classes ont assist\u00e9 \u00e0 une s\u00e9ance du film\u00a0<em>Dracula<\/em> de Luc Besson au Cin\u00e9quai de Saint-Dizier.<\/p>\n<p>\u00a0<\/p>\n\n\n<figure class=\"wp-block-image size-large\"><img loading=\"lazy\" decoding=\"async\" width=\"768\" height=\"1024\" src=\"https:\/\/sitetab3.ac-reims.fr\/lp-emile-baudot\/-wp-\/wp-content\/uploads\/Dracula-UK-Portrait-Signature-Entertainment-768x1024.jpg\" alt=\"\" class=\"wp-image-3395\" srcset=\"https:\/\/sitetab3.ac-reims.fr\/lp-emile-baudot\/-wp-\/wp-content\/uploads\/Dracula-UK-Portrait-Signature-Entertainment-768x1024.jpg 768w, https:\/\/sitetab3.ac-reims.fr\/lp-emile-baudot\/-wp-\/wp-content\/uploads\/Dracula-UK-Portrait-Signature-Entertainment-225x300.jpg 225w, https:\/\/sitetab3.ac-reims.fr\/lp-emile-baudot\/-wp-\/wp-content\/uploads\/Dracula-UK-Portrait-Signature-Entertainment-1152x1536.jpg 1152w, https:\/\/sitetab3.ac-reims.fr\/lp-emile-baudot\/-wp-\/wp-content\/uploads\/Dracula-UK-Portrait-Signature-Entertainment.jpg 1200w\" sizes=\"(max-width: 768px) 100vw, 768px\" \/><\/figure>\n","protected":false},"excerpt":{"rendered":"<p>Dans le cadre de leur cours d&rsquo;anglais, les \u00e9l\u00e8ves de 1\u00e8res Bac pro (MCV et MS) ont travaill\u00e9 sur le classique de la litt\u00e9rature\u00a0Dracula\u00a0de Bram Stoker.\u00a0 Le mardi 20 janvier, les deux classes ont assist\u00e9 \u00e0 une s\u00e9ance du film\u00a0Dracula de Luc Besson au Cin\u00e9quai de Saint-Dizier. \u00a0<\/p>\n","protected":false},"author":1,"featured_media":0,"comment_status":"closed","ping_status":"open","sticky":false,"template":"","format":"standard","meta":{"ngg_post_thumbnail":0,"footnotes":""},"categories":[85],"tags":[],"_links":{"self":[{"href":"https:\/\/sitetab3.ac-reims.fr\/lp-emile-baudot\/-wp-\/wp-json\/wp\/v2\/posts\/3394"}],"collection":[{"href":"https:\/\/sitetab3.ac-reims.fr\/lp-emile-baudot\/-wp-\/wp-json\/wp\/v2\/posts"}],"about":[{"href":"https:\/\/sitetab3.ac-reims.fr\/lp-emile-baudot\/-wp-\/wp-json\/wp\/v2\/types\/post"}],"author":[{"embeddable":true,"href":"https:\/\/sitetab3.ac-reims.fr\/lp-emile-baudot\/-wp-\/wp-json\/wp\/v2\/users\/1"}],"replies":[{"embeddable":true,"href":"https:\/\/sitetab3.ac-reims.fr\/lp-emile-baudot\/-wp-\/wp-json\/wp\/v2\/comments?post=3394"}],"version-history":[{"count":1,"href":"https:\/\/sitetab3.ac-reims.fr\/lp-emile-baudot\/-wp-\/wp-json\/wp\/v2\/posts\/3394\/revisions"}],"predecessor-version":[{"id":3396,"href":"https:\/\/sitetab3.ac-reims.fr\/lp-emile-baudot\/-wp-\/wp-json\/wp\/v2\/posts\/3394\/revisions\/3396"}],"wp:attachment":[{"href":"https:\/\/sitetab3.ac-reims.fr\/lp-emile-baudot\/-wp-\/wp-json\/wp\/v2\/media?parent=3394"}],"wp:term":[{"taxonomy":"category","embeddable":true,"href":"https:\/\/sitetab3.ac-reims.fr\/lp-emile-baudot\/-wp-\/wp-json\/wp\/v2\/categories?post=3394"},{"taxonomy":"post_tag","embeddable":true,"href":"https:\/\/sitetab3.ac-reims.fr\/lp-emile-baudot\/-wp-\/wp-json\/wp\/v2\/tags?post=3394"}],"curies":[{"name":"wp","href":"https:\/\/api.w.org\/{rel}","templated":true}]}}