{"id":3398,"date":"2026-04-29T09:28:12","date_gmt":"2026-04-29T07:28:12","guid":{"rendered":"https:\/\/sitetab3.ac-reims.fr\/lp-emile-baudot\/-wp-\/?p=3398"},"modified":"2026-04-29T09:28:12","modified_gmt":"2026-04-29T07:28:12","slug":"a-la-rencontre-de-lassociation-handichiens","status":"publish","type":"post","link":"https:\/\/sitetab3.ac-reims.fr\/lp-emile-baudot\/-wp-\/a-la-rencontre-de-lassociation-handichiens\/","title":{"rendered":"A la rencontre de l&rsquo;association Handi&rsquo;chiens"},"content":{"rendered":"<p>Le 20 janvier 2026 , durant l\u2019apr\u00e8s-midi, les \u00e9l\u00e8ves des classes de CAP Accompagnement du Grand \u00c2ge du Lyc\u00e9e Professionnel \u00c9mile Baudot ont eu le privil\u00e8ge d\u2019accueillir des membres de la D\u00e9l\u00e9gation Handi\u2019chiens de la Haute-Marne. Une rencontre riche en \u00e9motions et en apprentissages, organis\u00e9e \u00e0 l\u2019initiative de Pascale Thomas, professeure de Biotechnologie Sant\u00e9 Environnement au sein de l\u2019\u00e9tablissement.<br \/>L\u2019objectif de cette intervention \u00e9tait de pr\u00e9senter le r\u00f4le essentiel des chiens d\u2019assistance dans l\u2019accompagnement des personnes en situation de handicap ou de perte d\u2019autonomie. Les \u00e9l\u00e8ves ont pu \u00e9changer avec Cindy Betting, d\u00e9l\u00e9gu\u00e9e d\u00e9partementale de l\u2019association et assister \u00e0 des d\u00e9monstrations concr\u00e8tes. Va\u00efka, chien d\u2019assistance accompagn\u00e9 de Marianne, famille d\u2019accueil d\u2019Ath\u00e9na, ainsi qu\u2019Odin, chien d\u2019\u00e9veil accompagn\u00e9 de Pascale, ont captiv\u00e9 l\u2019attention des futurs professionnels.<br \/>Pour les \u00e9l\u00e8ves, cette rencontre a \u00e9t\u00e9 l\u2019occasion de d\u00e9couvrir l\u2019impact des chiens d\u2019assistance sur le quotidien des b\u00e9n\u00e9ficiaires. \u00ab C\u2019est un moment de partage, de curiosit\u00e9 et de sensibilisation autour de valeurs fortes comme l\u2019entraide, la bienveillance et l\u2019engagement \u00bb, ont soulign\u00e9 Cindy Betting et Pascale Thomas. Les d\u00e9monstrations ont permis de mieux comprendre les comp\u00e9tences vari\u00e9es de ces chiens telles ouvrir une porte, ramasser un objet, aider au d\u00e9shabillage,savoir alerter en cas de danger\u2026 \u201cVoir ces animaux en action, c\u2019est comprendre \u00e0 quel point ils transforment le quotidien des personnes accompagn\u00e9es \u00bb, confie un \u00e9l\u00e8ve<br \/>Cette intervention s\u2019inscrit dans une d\u00e9marche p\u00e9dagogique en lien avec le parcours avenir et eco-citoyen , visant \u00e0 sensibiliser les \u00e9l\u00e8ves aux diff\u00e9rentes formes d\u2019accompagnement. En d\u00e9couvrant le travail des chiens d\u2019assistance, les futurs agents sont mieux pr\u00e9par\u00e9s \u00e0 int\u00e9grer ces partenaires \u00e0 quatre pattes dans leur pratique professionnelle, car il n\u2019est pas rare de les rencontrer en EHPAD, o\u00f9 leur pr\u00e9sence est un atout pour favoriser l\u2019autonomie et le bien-\u00eatre des r\u00e9sidents.<\/p>\n\n\n<div class=\"wp-block-columns is-layout-flex wp-container-core-columns-is-layout-1 wp-block-columns-is-layout-flex\">\n<div class=\"wp-block-column is-layout-flow wp-block-column-is-layout-flow\">\n<figure class=\"wp-block-image size-large\"><img loading=\"lazy\" decoding=\"async\" width=\"1024\" height=\"768\" src=\"https:\/\/sitetab3.ac-reims.fr\/lp-emile-baudot\/-wp-\/wp-content\/uploads\/IMG_20260120_154706-1024x768.jpg\" alt=\"\" class=\"wp-image-3399\" srcset=\"https:\/\/sitetab3.ac-reims.fr\/lp-emile-baudot\/-wp-\/wp-content\/uploads\/IMG_20260120_154706-1024x768.jpg 1024w, https:\/\/sitetab3.ac-reims.fr\/lp-emile-baudot\/-wp-\/wp-content\/uploads\/IMG_20260120_154706-300x225.jpg 300w, https:\/\/sitetab3.ac-reims.fr\/lp-emile-baudot\/-wp-\/wp-content\/uploads\/IMG_20260120_154706-768x576.jpg 768w, https:\/\/sitetab3.ac-reims.fr\/lp-emile-baudot\/-wp-\/wp-content\/uploads\/IMG_20260120_154706-1536x1152.jpg 1536w, https:\/\/sitetab3.ac-reims.fr\/lp-emile-baudot\/-wp-\/wp-content\/uploads\/IMG_20260120_154706-2048x1536.jpg 2048w\" sizes=\"(max-width: 1024px) 100vw, 1024px\" \/><\/figure>\n<\/div>\n\n\n\n<div class=\"wp-block-column is-layout-flow wp-block-column-is-layout-flow\">\n<figure class=\"wp-block-image size-large is-resized\"><img loading=\"lazy\" decoding=\"async\" width=\"1024\" height=\"614\" src=\"https:\/\/sitetab3.ac-reims.fr\/lp-emile-baudot\/-wp-\/wp-content\/uploads\/Messenger_creation_D842E426-310E-4D1C-96D7-CCF9999B64E4-1024x614.jpeg\" alt=\"\" class=\"wp-image-3400\" style=\"width:525px;height:auto\" srcset=\"https:\/\/sitetab3.ac-reims.fr\/lp-emile-baudot\/-wp-\/wp-content\/uploads\/Messenger_creation_D842E426-310E-4D1C-96D7-CCF9999B64E4-1024x614.jpeg 1024w, https:\/\/sitetab3.ac-reims.fr\/lp-emile-baudot\/-wp-\/wp-content\/uploads\/Messenger_creation_D842E426-310E-4D1C-96D7-CCF9999B64E4-300x180.jpeg 300w, https:\/\/sitetab3.ac-reims.fr\/lp-emile-baudot\/-wp-\/wp-content\/uploads\/Messenger_creation_D842E426-310E-4D1C-96D7-CCF9999B64E4-768x461.jpeg 768w, https:\/\/sitetab3.ac-reims.fr\/lp-emile-baudot\/-wp-\/wp-content\/uploads\/Messenger_creation_D842E426-310E-4D1C-96D7-CCF9999B64E4-1536x921.jpeg 1536w, https:\/\/sitetab3.ac-reims.fr\/lp-emile-baudot\/-wp-\/wp-content\/uploads\/Messenger_creation_D842E426-310E-4D1C-96D7-CCF9999B64E4.jpeg 2048w\" sizes=\"(max-width: 1024px) 100vw, 1024px\" \/><\/figure>\n<\/div>\n<\/div>\n","protected":false},"excerpt":{"rendered":"<p>Le 20 janvier 2026 , durant l\u2019apr\u00e8s-midi, les \u00e9l\u00e8ves des classes de CAP Accompagnement du Grand \u00c2ge du Lyc\u00e9e Professionnel \u00c9mile Baudot ont eu le privil\u00e8ge d\u2019accueillir des membres de la D\u00e9l\u00e9gation Handi\u2019chiens de la Haute-Marne. Une rencontre riche en \u00e9motions et en apprentissages, organis\u00e9e \u00e0 l\u2019initiative de Pascale Thomas, professeure de Biotechnologie Sant\u00e9 Environnement [&hellip;]<\/p>\n","protected":false},"author":1,"featured_media":0,"comment_status":"closed","ping_status":"open","sticky":false,"template":"","format":"standard","meta":{"ngg_post_thumbnail":0,"footnotes":""},"categories":[85],"tags":[],"_links":{"self":[{"href":"https:\/\/sitetab3.ac-reims.fr\/lp-emile-baudot\/-wp-\/wp-json\/wp\/v2\/posts\/3398"}],"collection":[{"href":"https:\/\/sitetab3.ac-reims.fr\/lp-emile-baudot\/-wp-\/wp-json\/wp\/v2\/posts"}],"about":[{"href":"https:\/\/sitetab3.ac-reims.fr\/lp-emile-baudot\/-wp-\/wp-json\/wp\/v2\/types\/post"}],"author":[{"embeddable":true,"href":"https:\/\/sitetab3.ac-reims.fr\/lp-emile-baudot\/-wp-\/wp-json\/wp\/v2\/users\/1"}],"replies":[{"embeddable":true,"href":"https:\/\/sitetab3.ac-reims.fr\/lp-emile-baudot\/-wp-\/wp-json\/wp\/v2\/comments?post=3398"}],"version-history":[{"count":1,"href":"https:\/\/sitetab3.ac-reims.fr\/lp-emile-baudot\/-wp-\/wp-json\/wp\/v2\/posts\/3398\/revisions"}],"predecessor-version":[{"id":3401,"href":"https:\/\/sitetab3.ac-reims.fr\/lp-emile-baudot\/-wp-\/wp-json\/wp\/v2\/posts\/3398\/revisions\/3401"}],"wp:attachment":[{"href":"https:\/\/sitetab3.ac-reims.fr\/lp-emile-baudot\/-wp-\/wp-json\/wp\/v2\/media?parent=3398"}],"wp:term":[{"taxonomy":"category","embeddable":true,"href":"https:\/\/sitetab3.ac-reims.fr\/lp-emile-baudot\/-wp-\/wp-json\/wp\/v2\/categories?post=3398"},{"taxonomy":"post_tag","embeddable":true,"href":"https:\/\/sitetab3.ac-reims.fr\/lp-emile-baudot\/-wp-\/wp-json\/wp\/v2\/tags?post=3398"}],"curies":[{"name":"wp","href":"https:\/\/api.w.org\/{rel}","templated":true}]}}