{"id":3403,"date":"2026-04-29T09:59:18","date_gmt":"2026-04-29T07:59:18","guid":{"rendered":"https:\/\/sitetab3.ac-reims.fr\/lp-emile-baudot\/-wp-\/?p=3403"},"modified":"2026-04-29T09:59:18","modified_gmt":"2026-04-29T07:59:18","slug":"a-la-decouverte-du-fonctionnement-dune-cour-dassises","status":"publish","type":"post","link":"https:\/\/sitetab3.ac-reims.fr\/lp-emile-baudot\/-wp-\/a-la-decouverte-du-fonctionnement-dune-cour-dassises\/","title":{"rendered":"A la d\u00e9couverte du fonctionnement d&rsquo;une Cour d&rsquo;Assises"},"content":{"rendered":"<p>Mardi 3 f\u00e9vrier, les \u00e9l\u00e8ves de 1BPMCV et de TCAP AS se sont rendus \u00e0 la cour d&rsquo;Assises de Reims et ont observ\u00e9 les rouages d&rsquo;un proc\u00e8s pour meurtre, de la constitution du jury aux d\u00e9positiuons des experts et des t\u00e9moins. Cette immersion complexe, pr\u00e9par\u00e9e en amont, a exig\u00e9 une grande concentration.<\/p>\n<p>Bien que fatigu\u00e9s, les lyc\u00e9ens sont repartis ravis de cette le\u00e7on de civisme, tout en regrettant de ne pouvoir suivre les trois jours d&rsquo;audience.\u00a0<\/p>\n\n\n<figure class=\"wp-block-image size-large\"><img loading=\"lazy\" decoding=\"async\" width=\"1024\" height=\"768\" src=\"https:\/\/sitetab3.ac-reims.fr\/lp-emile-baudot\/-wp-\/wp-content\/uploads\/IMG_6197com-1024x768.jpg\" alt=\"\" class=\"wp-image-3404\" srcset=\"https:\/\/sitetab3.ac-reims.fr\/lp-emile-baudot\/-wp-\/wp-content\/uploads\/IMG_6197com-1024x768.jpg 1024w, https:\/\/sitetab3.ac-reims.fr\/lp-emile-baudot\/-wp-\/wp-content\/uploads\/IMG_6197com-300x225.jpg 300w, https:\/\/sitetab3.ac-reims.fr\/lp-emile-baudot\/-wp-\/wp-content\/uploads\/IMG_6197com-768x576.jpg 768w, https:\/\/sitetab3.ac-reims.fr\/lp-emile-baudot\/-wp-\/wp-content\/uploads\/IMG_6197com-1536x1152.jpg 1536w, https:\/\/sitetab3.ac-reims.fr\/lp-emile-baudot\/-wp-\/wp-content\/uploads\/IMG_6197com-2048x1536.jpg 2048w\" sizes=\"(max-width: 1024px) 100vw, 1024px\" \/><\/figure>\n","protected":false},"excerpt":{"rendered":"<p>Mardi 3 f\u00e9vrier, les \u00e9l\u00e8ves de 1BPMCV et de TCAP AS se sont rendus \u00e0 la cour d&rsquo;Assises de Reims et ont observ\u00e9 les rouages d&rsquo;un proc\u00e8s pour meurtre, de la constitution du jury aux d\u00e9positiuons des experts et des t\u00e9moins. Cette immersion complexe, pr\u00e9par\u00e9e en amont, a exig\u00e9 une grande concentration. Bien que fatigu\u00e9s, [&hellip;]<\/p>\n","protected":false},"author":1,"featured_media":0,"comment_status":"closed","ping_status":"open","sticky":false,"template":"","format":"standard","meta":{"ngg_post_thumbnail":0,"footnotes":""},"categories":[85],"tags":[],"_links":{"self":[{"href":"https:\/\/sitetab3.ac-reims.fr\/lp-emile-baudot\/-wp-\/wp-json\/wp\/v2\/posts\/3403"}],"collection":[{"href":"https:\/\/sitetab3.ac-reims.fr\/lp-emile-baudot\/-wp-\/wp-json\/wp\/v2\/posts"}],"about":[{"href":"https:\/\/sitetab3.ac-reims.fr\/lp-emile-baudot\/-wp-\/wp-json\/wp\/v2\/types\/post"}],"author":[{"embeddable":true,"href":"https:\/\/sitetab3.ac-reims.fr\/lp-emile-baudot\/-wp-\/wp-json\/wp\/v2\/users\/1"}],"replies":[{"embeddable":true,"href":"https:\/\/sitetab3.ac-reims.fr\/lp-emile-baudot\/-wp-\/wp-json\/wp\/v2\/comments?post=3403"}],"version-history":[{"count":1,"href":"https:\/\/sitetab3.ac-reims.fr\/lp-emile-baudot\/-wp-\/wp-json\/wp\/v2\/posts\/3403\/revisions"}],"predecessor-version":[{"id":3405,"href":"https:\/\/sitetab3.ac-reims.fr\/lp-emile-baudot\/-wp-\/wp-json\/wp\/v2\/posts\/3403\/revisions\/3405"}],"wp:attachment":[{"href":"https:\/\/sitetab3.ac-reims.fr\/lp-emile-baudot\/-wp-\/wp-json\/wp\/v2\/media?parent=3403"}],"wp:term":[{"taxonomy":"category","embeddable":true,"href":"https:\/\/sitetab3.ac-reims.fr\/lp-emile-baudot\/-wp-\/wp-json\/wp\/v2\/categories?post=3403"},{"taxonomy":"post_tag","embeddable":true,"href":"https:\/\/sitetab3.ac-reims.fr\/lp-emile-baudot\/-wp-\/wp-json\/wp\/v2\/tags?post=3403"}],"curies":[{"name":"wp","href":"https:\/\/api.w.org\/{rel}","templated":true}]}}