{"id":516,"date":"2015-09-26T09:28:14","date_gmt":"2015-09-26T07:28:14","guid":{"rendered":"http:\/\/sitetab3.ac-reims.fr\/lp-emile-baudot\/-wp-\/qu-est-ce-que-le-label-eco-lycee\/"},"modified":"2025-04-24T19:30:18","modified_gmt":"2025-04-24T17:30:18","slug":"qu-est-ce-que-le-label-eco-lycee","status":"publish","type":"post","link":"https:\/\/sitetab3.ac-reims.fr\/lp-emile-baudot\/-wp-\/qu-est-ce-que-le-label-eco-lycee\/","title":{"rendered":"Qu&rsquo;est ce que le label \u00e9co-lyc\u00e9e"},"content":{"rendered":"\n<figure class=\"wp-block-image size-large is-resized\"><a href=\"https:\/\/youtu.be\/nghOaHlur00?si=2WprttUkGO9GYWtw\"><img loading=\"lazy\" decoding=\"async\" width=\"1024\" height=\"1024\" src=\"http:\/\/sitetab3.ac-reims.fr\/lp-emile-baudot\/-wp-\/wp-content\/uploads\/Eco-Ecole-1024x1024.png\" alt=\"\" class=\"wp-image-2319\" style=\"width:219px;height:auto\" srcset=\"https:\/\/sitetab3.ac-reims.fr\/lp-emile-baudot\/-wp-\/wp-content\/uploads\/Eco-Ecole-1024x1024.png 1024w, https:\/\/sitetab3.ac-reims.fr\/lp-emile-baudot\/-wp-\/wp-content\/uploads\/Eco-Ecole-300x300.png 300w, https:\/\/sitetab3.ac-reims.fr\/lp-emile-baudot\/-wp-\/wp-content\/uploads\/Eco-Ecole-150x150.png 150w, https:\/\/sitetab3.ac-reims.fr\/lp-emile-baudot\/-wp-\/wp-content\/uploads\/Eco-Ecole-768x768.png 768w, https:\/\/sitetab3.ac-reims.fr\/lp-emile-baudot\/-wp-\/wp-content\/uploads\/Eco-Ecole-1536x1536.png 1536w, https:\/\/sitetab3.ac-reims.fr\/lp-emile-baudot\/-wp-\/wp-content\/uploads\/Eco-Ecole-2048x2048.png 2048w\" sizes=\"(max-width: 1024px) 100vw, 1024px\" \/><\/a><figcaption class=\"wp-element-caption\">Visionner la vid\u00e9o Eco-Ecole en cliquant sur le logo<\/figcaption><\/figure>\n\n\n<p>Pr\u00e9sentation du programme<br>Le programme Eco-Ecole<\/p>\n<p>Programme international d\u2019Education au D\u00e9veloppement Durable (EDD) d\u00e9velopp\u00e9 en France depuis 2005 par l&rsquo;office fran\u00e7ais de la Fondation pour l\u2019Education \u00e0 l\u2019Environnement en Europe (of-FEEE), Eco-Ecole est un label d\u00e9cern\u00e9 aux \u00e9tablissements scolaires qui s\u2019engagent vers un fonctionnement \u00e9co-responsable et int\u00e8grent l\u2019EDD dans les enseignements.<\/p>\n<p>Cr\u00e9\u00e9 au Danemark en 1994 par la Fondation for Environmental Education (FEE), Eco-Ecole est aujourd\u2019hui implant\u00e9 dans 58 pays \u00e0 travers le monde.<\/p>\n<p>Eco-Ecole propose une m\u00e9thodologie et un accompagnement aupr\u00e8s des \u00e9coles primaires et \u00e9l\u00e9mentaires, des coll\u00e8ges et des lyc\u00e9es pour une mise en \u0153uvre concr\u00e8te du D\u00e9veloppement Durable. Le programme permet ainsi aux \u00e9tablissements scolaires volontaires de travailler successivement sur six th\u00e8mes prioritaires. Ces derniers sont envisag\u00e9s dans un projet global impliquant aussi bien les \u00e9l\u00e8ves et les enseignants que les \u00e9lus locaux, les associations locales ou encore les parents d\u2019\u00e9l\u00e8ves.<br>Les principaux objectifs du programme<\/p>\n<p>En proposant la d\u00e9marche Eco-Ecole aux \u00e9tablissements scolaires, l&rsquo;of-FEEE souhaite d\u00e9velopper un programme qui contribue \u00e0 la g\u00e9n\u00e9ralisation de l\u2019EDD dans le cursus scolaire et vise la mise en \u0153uvre concr\u00e8te du d\u00e9veloppement durable.<\/p>\n<p>Le programme repose d\u2019une part sur la mobilisation de tous les acteurs et participants des \u00e9tablissements scolaires dans un projet commun d\u2019EDD (importance de la concertation), et d\u2019autre part sur l\u2019utilisation des b\u00e2timents scolaires comme supports p\u00e9dagogiques pour la r\u00e9alisation d\u2019actions concr\u00e8tes. Il est \u00e9galement primordial de favoriser un travail concert\u00e9 avec des partenaires locaux : \u00e9lus, parents, associations, syndicats de gestion de l\u2019eau ou des d\u00e9chets, fournisseurs et prestataires de services, etc.<\/p>\n<p>Ces objectifs cadrent pleinement avec les circulaires du Minist\u00e8re de l\u2019Education nationale de 2004, 2007 et 2011 visant \u00e0 g\u00e9n\u00e9raliser l\u2019\u00e9ducation au d\u00e9veloppement durable dans les \u00e9tablissements scolaires. Pour atteindre cet objectif, les \u00e9tablissements choisissent chaque ann\u00e9e un th\u00e8me principal de travail \u00e0 partir duquel ils d\u00e9roulent les 7 points de la m\u00e9thodologie Eco-Ecole.<\/p>","protected":false},"excerpt":{"rendered":"<p>Pr\u00e9sentation du programmeLe programme Eco-Ecole Programme international d\u2019Education au D\u00e9veloppement Durable (EDD) d\u00e9velopp\u00e9 en France depuis 2005 par l&rsquo;office fran\u00e7ais de la Fondation pour l\u2019Education \u00e0 l\u2019Environnement en Europe (of-FEEE), Eco-Ecole est un label d\u00e9cern\u00e9 aux \u00e9tablissements scolaires qui s\u2019engagent vers un fonctionnement \u00e9co-responsable et int\u00e8grent l\u2019EDD dans les enseignements. Cr\u00e9\u00e9 au Danemark en 1994 [&hellip;]<\/p>\n","protected":false},"author":1,"featured_media":515,"comment_status":"closed","ping_status":"open","sticky":false,"template":"","format":"standard","meta":{"ngg_post_thumbnail":0,"footnotes":""},"categories":[53],"tags":[78],"_links":{"self":[{"href":"https:\/\/sitetab3.ac-reims.fr\/lp-emile-baudot\/-wp-\/wp-json\/wp\/v2\/posts\/516"}],"collection":[{"href":"https:\/\/sitetab3.ac-reims.fr\/lp-emile-baudot\/-wp-\/wp-json\/wp\/v2\/posts"}],"about":[{"href":"https:\/\/sitetab3.ac-reims.fr\/lp-emile-baudot\/-wp-\/wp-json\/wp\/v2\/types\/post"}],"author":[{"embeddable":true,"href":"https:\/\/sitetab3.ac-reims.fr\/lp-emile-baudot\/-wp-\/wp-json\/wp\/v2\/users\/1"}],"replies":[{"embeddable":true,"href":"https:\/\/sitetab3.ac-reims.fr\/lp-emile-baudot\/-wp-\/wp-json\/wp\/v2\/comments?post=516"}],"version-history":[{"count":1,"href":"https:\/\/sitetab3.ac-reims.fr\/lp-emile-baudot\/-wp-\/wp-json\/wp\/v2\/posts\/516\/revisions"}],"predecessor-version":[{"id":2963,"href":"https:\/\/sitetab3.ac-reims.fr\/lp-emile-baudot\/-wp-\/wp-json\/wp\/v2\/posts\/516\/revisions\/2963"}],"wp:featuredmedia":[{"embeddable":true,"href":"https:\/\/sitetab3.ac-reims.fr\/lp-emile-baudot\/-wp-\/wp-json\/wp\/v2\/media\/515"}],"wp:attachment":[{"href":"https:\/\/sitetab3.ac-reims.fr\/lp-emile-baudot\/-wp-\/wp-json\/wp\/v2\/media?parent=516"}],"wp:term":[{"taxonomy":"category","embeddable":true,"href":"https:\/\/sitetab3.ac-reims.fr\/lp-emile-baudot\/-wp-\/wp-json\/wp\/v2\/categories?post=516"},{"taxonomy":"post_tag","embeddable":true,"href":"https:\/\/sitetab3.ac-reims.fr\/lp-emile-baudot\/-wp-\/wp-json\/wp\/v2\/tags?post=516"}],"curies":[{"name":"wp","href":"https:\/\/api.w.org\/{rel}","templated":true}]}}