{"id":530,"date":"2015-10-30T18:05:43","date_gmt":"2015-10-30T17:05:43","guid":{"rendered":"http:\/\/sitetab3.ac-reims.fr\/lp-emile-baudot\/-wp-\/articles-de-presse-vie-de-l\/"},"modified":"2024-01-09T10:40:47","modified_gmt":"2024-01-09T09:40:47","slug":"articles-de-presse-vie-de-l","status":"publish","type":"post","link":"https:\/\/sitetab3.ac-reims.fr\/lp-emile-baudot\/-wp-\/articles-de-presse-vie-de-l\/","title":{"rendered":"Articles de presse : vie de l&rsquo;\u00e9tablissement"},"content":{"rendered":"<p>Les articles sont en pi\u00e8ce jointe<\/p>\n\n\n<h2 class=\"wp-block-heading\">Documents joints<\/h2>\n\n\n\n<div class=\"wp-block-file\"><a href=\"http:\/\/sitetab3.ac-reims.fr\/lp-emile-baudot\/-wp-\/wp-content\/uploads\/Rentree_scolaire.pdf\">Rentr\u00e9e scolaire<\/a><\/div>\n\n\n\n<div class=\"wp-block-file\"><a href=\"http:\/\/sitetab3.ac-reims.fr\/lp-emile-baudot\/-wp-\/wp-content\/uploads\/Remise_de_diplomes.pdf\">Remise de diplomes<\/a><\/div>\n\n\n\n<div class=\"wp-block-file\"><a href=\"http:\/\/sitetab3.ac-reims.fr\/lp-emile-baudot\/-wp-\/wp-content\/uploads\/Nettoyons_la_nature.pdf\">Nettoyons la nature<\/a><\/div>\n\n\n\n<div class=\"wp-block-file\"><a href=\"http:\/\/sitetab3.ac-reims.fr\/lp-emile-baudot\/-wp-\/wp-content\/uploads\/champions_academiques.pdf\">Champions acad\u00e9miques<\/a><\/div>\n\n\n\n<div class=\"wp-block-file\"><a href=\"http:\/\/sitetab3.ac-reims.fr\/lp-emile-baudot\/-wp-\/wp-content\/uploads\/eco_lycee_bouchon.pdf\">Eco lyc\u00e9e bouchons du coeur<\/a><\/div>\n\n\n\n<div class=\"wp-block-file\"><a href=\"http:\/\/sitetab3.ac-reims.fr\/lp-emile-baudot\/-wp-\/wp-content\/uploads\/eco_lycee_tri.pdf\">Eco lyc\u00e9e tri <\/a><\/div>\n\n\n\n<div class=\"wp-block-file\"><a href=\"http:\/\/sitetab3.ac-reims.fr\/lp-emile-baudot\/-wp-\/wp-content\/uploads\/premiere_guerre.pdf\">Premi\u00e8re guerre<\/a><\/div>\n\n\n\n<div class=\"wp-block-file\"><a href=\"http:\/\/sitetab3.ac-reims.fr\/lp-emile-baudot\/-wp-\/wp-content\/uploads\/salon_du_livre_troyes.pdf\">Salon du livre<\/a><\/div>\n\n\n\n<div class=\"wp-block-file\"><a href=\"http:\/\/sitetab3.ac-reims.fr\/lp-emile-baudot\/-wp-\/wp-content\/uploads\/telethon_2.pdf\">Telethon<\/a><\/div>\n\n\n\n<div class=\"wp-block-file\"><a href=\"http:\/\/sitetab3.ac-reims.fr\/lp-emile-baudot\/-wp-\/wp-content\/uploads\/telethon-2.pdf\">Telethon<\/a><\/div>\n\n\n\n<div class=\"wp-block-file\"><a href=\"http:\/\/sitetab3.ac-reims.fr\/lp-emile-baudot\/-wp-\/wp-content\/uploads\/afpan_atelier_photo.pdf\">Afpan atelier photo<\/a><\/div>\n\n\n\n<div class=\"wp-block-file\"><a href=\"http:\/\/sitetab3.ac-reims.fr\/lp-emile-baudot\/-wp-\/wp-content\/uploads\/ajal.pdf\">Ajal<\/a><\/div>\n\n\n\n<div class=\"wp-block-file\"><a href=\"http:\/\/sitetab3.ac-reims.fr\/lp-emile-baudot\/-wp-\/wp-content\/uploads\/bouchon_d_amour.pdf\">Ecolyc\u00e9e bouchon d&rsquo;amour<\/a><\/div>\n\n\n\n<div class=\"wp-block-file\"><a href=\"http:\/\/sitetab3.ac-reims.fr\/lp-emile-baudot\/-wp-\/wp-content\/uploads\/bourse_aux_livres-2.pdf\">Bourse aux livres<\/a><\/div>\n\n\n\n<div class=\"wp-block-file\"><a href=\"http:\/\/sitetab3.ac-reims.fr\/lp-emile-baudot\/-wp-\/wp-content\/uploads\/ireps.pdf\">Ireps bien \u00eatre<\/a><\/div>\n\n\n\n<div class=\"wp-block-file\"><a href=\"http:\/\/sitetab3.ac-reims.fr\/lp-emile-baudot\/-wp-\/wp-content\/uploads\/je_filme_le_metier_qui_me_plait.pdf\">Je filme le m\u00e9tier qui me plait<\/a><\/div>\n\n\n\n<div class=\"wp-block-file\"><a href=\"http:\/\/sitetab3.ac-reims.fr\/lp-emile-baudot\/-wp-\/wp-content\/uploads\/matallurgic_park.pdf\">Metalurgic Park<\/a><\/div>\n\n\n\n<div class=\"wp-block-file\"><a href=\"http:\/\/sitetab3.ac-reims.fr\/lp-emile-baudot\/-wp-\/wp-content\/uploads\/planete_regard.pdf\">Plan\u00e8te regard<\/a><\/div>\n\n\n\n<div class=\"wp-block-file\"><a href=\"http:\/\/sitetab3.ac-reims.fr\/lp-emile-baudot\/-wp-\/wp-content\/uploads\/portes_ouvertes.pdf\">Portes ouvertes<\/a><\/div>\n\n\n\n<div class=\"wp-block-file\"><a href=\"http:\/\/sitetab3.ac-reims.fr\/lp-emile-baudot\/-wp-\/wp-content\/uploads\/rencontre_avec_un_auteur.pdf\">Rencontre avec un auteur<\/a><\/div>\n\n\n\n<div class=\"wp-block-file\"><a href=\"http:\/\/sitetab3.ac-reims.fr\/lp-emile-baudot\/-wp-\/wp-content\/uploads\/securite_routiere.pdf\">S\u00e9curit\u00e9 routi\u00e8re<\/a><\/div>\n\n\n\n<div class=\"wp-block-file\"><a href=\"http:\/\/sitetab3.ac-reims.fr\/lp-emile-baudot\/-wp-\/wp-content\/uploads\/slam_2.pdf\">Slam<\/a><\/div>\n\n\n\n<div class=\"wp-block-file\"><a href=\"http:\/\/sitetab3.ac-reims.fr\/lp-emile-baudot\/-wp-\/wp-content\/uploads\/slam.pdf\">Slam<\/a><\/div>\n\n\n\n<div class=\"wp-block-file\"><a href=\"http:\/\/sitetab3.ac-reims.fr\/lp-emile-baudot\/-wp-\/wp-content\/uploads\/spa-2.pdf\">Spa<\/a><\/div>\n\n\n\n<div class=\"wp-block-file\"><a href=\"http:\/\/sitetab3.ac-reims.fr\/lp-emile-baudot\/-wp-\/wp-content\/uploads\/tri_dechets.pdf\">Eco tri dechets<\/a><\/div>\n","protected":false},"excerpt":{"rendered":"<p>Les articles sont en pi\u00e8ce jointe Documents joints<\/p>\n","protected":false},"author":1,"featured_media":529,"comment_status":"closed","ping_status":"open","sticky":false,"template":"","format":"standard","meta":{"ngg_post_thumbnail":0,"footnotes":""},"categories":[84],"tags":[],"_links":{"self":[{"href":"https:\/\/sitetab3.ac-reims.fr\/lp-emile-baudot\/-wp-\/wp-json\/wp\/v2\/posts\/530"}],"collection":[{"href":"https:\/\/sitetab3.ac-reims.fr\/lp-emile-baudot\/-wp-\/wp-json\/wp\/v2\/posts"}],"about":[{"href":"https:\/\/sitetab3.ac-reims.fr\/lp-emile-baudot\/-wp-\/wp-json\/wp\/v2\/types\/post"}],"author":[{"embeddable":true,"href":"https:\/\/sitetab3.ac-reims.fr\/lp-emile-baudot\/-wp-\/wp-json\/wp\/v2\/users\/1"}],"replies":[{"embeddable":true,"href":"https:\/\/sitetab3.ac-reims.fr\/lp-emile-baudot\/-wp-\/wp-json\/wp\/v2\/comments?post=530"}],"version-history":[{"count":3,"href":"https:\/\/sitetab3.ac-reims.fr\/lp-emile-baudot\/-wp-\/wp-json\/wp\/v2\/posts\/530\/revisions"}],"predecessor-version":[{"id":1619,"href":"https:\/\/sitetab3.ac-reims.fr\/lp-emile-baudot\/-wp-\/wp-json\/wp\/v2\/posts\/530\/revisions\/1619"}],"wp:featuredmedia":[{"embeddable":true,"href":"https:\/\/sitetab3.ac-reims.fr\/lp-emile-baudot\/-wp-\/wp-json\/wp\/v2\/media\/529"}],"wp:attachment":[{"href":"https:\/\/sitetab3.ac-reims.fr\/lp-emile-baudot\/-wp-\/wp-json\/wp\/v2\/media?parent=530"}],"wp:term":[{"taxonomy":"category","embeddable":true,"href":"https:\/\/sitetab3.ac-reims.fr\/lp-emile-baudot\/-wp-\/wp-json\/wp\/v2\/categories?post=530"},{"taxonomy":"post_tag","embeddable":true,"href":"https:\/\/sitetab3.ac-reims.fr\/lp-emile-baudot\/-wp-\/wp-json\/wp\/v2\/tags?post=530"}],"curies":[{"name":"wp","href":"https:\/\/api.w.org\/{rel}","templated":true}]}}