{"id":54,"date":"2018-01-17T21:58:00","date_gmt":"2018-01-17T20:58:00","guid":{"rendered":"http:\/\/sitetab3.ac-reims.fr\/lp-emile-baudot\/-wp-\/qui-etait-emile-baudot\/"},"modified":"2021-11-15T15:22:50","modified_gmt":"2021-11-15T14:22:50","slug":"qui-etait-emile-baudot","status":"publish","type":"post","link":"https:\/\/sitetab3.ac-reims.fr\/lp-emile-baudot\/-wp-\/qui-etait-emile-baudot\/","title":{"rendered":"Qui \u00e9tait Emile Baudot ?"},"content":{"rendered":"<p>Emile Baudot<\/p>\n<p>Jean Maurice \u00c9mile Baudot, n\u00e9 \u00e0 Magneux le 11 septembre 1845 et mort \u00e0 Sceaux le 28 mars 1903, est un ing\u00e9nieur en t\u00e9l\u00e9graphie fran\u00e7ais. Il est l\u2019inventeur du code Baudot utilis\u00e9 par les t\u00e9l\u00e9scripteurs<br \/>\n<a href=\"http:\/\/sitetab3.ac-reims.fr\/lp-emile-baudot\/-wp-\/wp-content\/uploads\/ckeditor-img-26da3a21751e48de426848e290f5053a.jpeg\"><img loading=\"lazy\" decoding=\"async\" class=\"alignnone size-full wp-image-1061\" src=\"http:\/\/sitetab3.ac-reims.fr\/lp-emile-baudot\/-wp-\/wp-content\/uploads\/ckeditor-img-26da3a21751e48de426848e290f5053a.jpeg\" alt=\"\" width=\"131\" height=\"159\"><\/a><\/p>\n","protected":false},"excerpt":{"rendered":"<p>Emile Baudot Jean Maurice \u00c9mile Baudot, n\u00e9 \u00e0 Magneux le 11 septembre 1845 et mort \u00e0 Sceaux le 28 mars 1903, est un ing\u00e9nieur en t\u00e9l\u00e9graphie fran\u00e7ais. Il est l\u2019inventeur du code Baudot utilis\u00e9 par les t\u00e9l\u00e9scripteurs<\/p>\n","protected":false},"author":1,"featured_media":53,"comment_status":"closed","ping_status":"open","sticky":false,"template":"","format":"standard","meta":{"ngg_post_thumbnail":0,"footnotes":""},"categories":[11],"tags":[],"_links":{"self":[{"href":"https:\/\/sitetab3.ac-reims.fr\/lp-emile-baudot\/-wp-\/wp-json\/wp\/v2\/posts\/54"}],"collection":[{"href":"https:\/\/sitetab3.ac-reims.fr\/lp-emile-baudot\/-wp-\/wp-json\/wp\/v2\/posts"}],"about":[{"href":"https:\/\/sitetab3.ac-reims.fr\/lp-emile-baudot\/-wp-\/wp-json\/wp\/v2\/types\/post"}],"author":[{"embeddable":true,"href":"https:\/\/sitetab3.ac-reims.fr\/lp-emile-baudot\/-wp-\/wp-json\/wp\/v2\/users\/1"}],"replies":[{"embeddable":true,"href":"https:\/\/sitetab3.ac-reims.fr\/lp-emile-baudot\/-wp-\/wp-json\/wp\/v2\/comments?post=54"}],"version-history":[{"count":1,"href":"https:\/\/sitetab3.ac-reims.fr\/lp-emile-baudot\/-wp-\/wp-json\/wp\/v2\/posts\/54\/revisions"}],"predecessor-version":[{"id":1062,"href":"https:\/\/sitetab3.ac-reims.fr\/lp-emile-baudot\/-wp-\/wp-json\/wp\/v2\/posts\/54\/revisions\/1062"}],"wp:featuredmedia":[{"embeddable":true,"href":"https:\/\/sitetab3.ac-reims.fr\/lp-emile-baudot\/-wp-\/wp-json\/wp\/v2\/media\/53"}],"wp:attachment":[{"href":"https:\/\/sitetab3.ac-reims.fr\/lp-emile-baudot\/-wp-\/wp-json\/wp\/v2\/media?parent=54"}],"wp:term":[{"taxonomy":"category","embeddable":true,"href":"https:\/\/sitetab3.ac-reims.fr\/lp-emile-baudot\/-wp-\/wp-json\/wp\/v2\/categories?post=54"},{"taxonomy":"post_tag","embeddable":true,"href":"https:\/\/sitetab3.ac-reims.fr\/lp-emile-baudot\/-wp-\/wp-json\/wp\/v2\/tags?post=54"}],"curies":[{"name":"wp","href":"https:\/\/api.w.org\/{rel}","templated":true}]}}