{"id":57,"date":"2012-12-29T17:50:51","date_gmt":"2012-12-29T16:50:51","guid":{"rendered":"http:\/\/sitetab3.ac-reims.fr\/lp-emile-baudot\/-wp-\/reglement-interieur38\/"},"modified":"2021-11-08T10:37:09","modified_gmt":"2021-11-08T09:37:09","slug":"reglement-interieur38","status":"publish","type":"post","link":"https:\/\/sitetab3.ac-reims.fr\/lp-emile-baudot\/-wp-\/reglement-interieur38\/","title":{"rendered":"Le lyc\u00e9e en Champagne Ardennes"},"content":{"rendered":"<p style=\"margin-left:1.5pt;\"><strong>Situ\u00e9 \u00e0 Wassy, ancienne ville sous-pr\u00e9fecture, dans la vall\u00e9e de la Blaise, le lyc\u00e9e Professionnel Emile Baudot b\u00e9n\u00e9ficie d\u2019un environnement agr\u00e9able et verdoyant. Il est implant\u00e9 \u00e0 2 kilom\u00e8tres du centre du bourg. <\/strong><\/p>\n<p style=\"margin-left:1.5pt;\"><strong>Il se situe \u00e0 proximit\u00e9 de l\u2019EREA, du coll\u00e8ge Paul Claudel avec qui il partage demi-pension, internat (avec le coll\u00e8ge) le gymnase et prochainement une chaufferie bois.<\/strong><\/p>\n<p><strong>R\u00e9nov\u00e9 en 2005, les locaux et les \u00e9quipements sont particuli\u00e8rement bien adapt\u00e9s et le cadre de vie est propice \u00e0 un enseignement de qualit\u00e9.<\/strong><\/p>\n<p><img loading=\"lazy\" decoding=\"async\" class=\" aligncenter size-full wp-image-56\" src=\"http:\/\/sitetab3.ac-reims.fr\/lp-emile-baudot\/-wp-\/wp-content\/uploads\/presentation_wassy-2.jpg\" alt=\"presentation_wassy-2.jpg\" align=\"center\" width=\"481\" height=\"500\" srcset=\"https:\/\/sitetab3.ac-reims.fr\/lp-emile-baudot\/-wp-\/wp-content\/uploads\/presentation_wassy-2.jpg 481w, https:\/\/sitetab3.ac-reims.fr\/lp-emile-baudot\/-wp-\/wp-content\/uploads\/presentation_wassy-2-289x300.jpg 289w\" sizes=\"(max-width: 481px) 100vw, 481px\" \/><\/p>\n\n\t\t<style type=\"text\/css\">\n\t\t\t#gallery-1 {\n\t\t\t\tmargin: auto;\n\t\t\t}\n\t\t\t#gallery-1 .gallery-item {\n\t\t\t\tfloat: left;\n\t\t\t\tmargin-top: 10px;\n\t\t\t\ttext-align: center;\n\t\t\t\twidth: 33%;\n\t\t\t}\n\t\t\t#gallery-1 img {\n\t\t\t\tborder: 2px solid #cfcfcf;\n\t\t\t}\n\t\t\t#gallery-1 .gallery-caption {\n\t\t\t\tmargin-left: 0;\n\t\t\t}\n\t\t\t\/* see gallery_shortcode() in wp-includes\/media.php *\/\n\t\t<\/style>\n\t\t<div id='gallery-1' class='gallery galleryid-57 gallery-columns-3 gallery-size-thumbnail'><dl class='gallery-item'>\n\t\t\t<dt class='gallery-icon portrait'>\n\t\t\t\t<a href='https:\/\/sitetab3.ac-reims.fr\/lp-emile-baudot\/-wp-\/wp-content\/uploads\/presentation_wassy-2.jpg'><img loading=\"lazy\" decoding=\"async\" width=\"150\" height=\"150\" src=\"https:\/\/sitetab3.ac-reims.fr\/lp-emile-baudot\/-wp-\/wp-content\/uploads\/presentation_wassy-2-150x150.jpg\" class=\"attachment-thumbnail size-thumbnail\" alt=\"presentation_wassy-2.jpg\" \/><\/a>\n\t\t\t<\/dt><\/dl>\n\t\t\t<br style='clear: both' \/>\n\t\t<\/div>\n\n","protected":false},"excerpt":{"rendered":"<p>Situ\u00e9 \u00e0 Wassy, ancienne ville sous-pr\u00e9fecture, dans la vall\u00e9e de la Blaise, le lyc\u00e9e Professionnel Emile Baudot b\u00e9n\u00e9ficie d\u2019un environnement agr\u00e9able et verdoyant. Il est implant\u00e9 \u00e0 2 kilom\u00e8tres du centre du bourg. Il se situe \u00e0 proximit\u00e9 de l\u2019EREA, du coll\u00e8ge Paul Claudel avec qui il partage demi-pension, internat (avec le coll\u00e8ge) le gymnase [&hellip;]<\/p>\n","protected":false},"author":1,"featured_media":55,"comment_status":"closed","ping_status":"open","sticky":false,"template":"","format":"standard","meta":{"ngg_post_thumbnail":0,"footnotes":""},"categories":[11],"tags":[78],"_links":{"self":[{"href":"https:\/\/sitetab3.ac-reims.fr\/lp-emile-baudot\/-wp-\/wp-json\/wp\/v2\/posts\/57"}],"collection":[{"href":"https:\/\/sitetab3.ac-reims.fr\/lp-emile-baudot\/-wp-\/wp-json\/wp\/v2\/posts"}],"about":[{"href":"https:\/\/sitetab3.ac-reims.fr\/lp-emile-baudot\/-wp-\/wp-json\/wp\/v2\/types\/post"}],"author":[{"embeddable":true,"href":"https:\/\/sitetab3.ac-reims.fr\/lp-emile-baudot\/-wp-\/wp-json\/wp\/v2\/users\/1"}],"replies":[{"embeddable":true,"href":"https:\/\/sitetab3.ac-reims.fr\/lp-emile-baudot\/-wp-\/wp-json\/wp\/v2\/comments?post=57"}],"version-history":[{"count":1,"href":"https:\/\/sitetab3.ac-reims.fr\/lp-emile-baudot\/-wp-\/wp-json\/wp\/v2\/posts\/57\/revisions"}],"predecessor-version":[{"id":58,"href":"https:\/\/sitetab3.ac-reims.fr\/lp-emile-baudot\/-wp-\/wp-json\/wp\/v2\/posts\/57\/revisions\/58"}],"wp:featuredmedia":[{"embeddable":true,"href":"https:\/\/sitetab3.ac-reims.fr\/lp-emile-baudot\/-wp-\/wp-json\/wp\/v2\/media\/55"}],"wp:attachment":[{"href":"https:\/\/sitetab3.ac-reims.fr\/lp-emile-baudot\/-wp-\/wp-json\/wp\/v2\/media?parent=57"}],"wp:term":[{"taxonomy":"category","embeddable":true,"href":"https:\/\/sitetab3.ac-reims.fr\/lp-emile-baudot\/-wp-\/wp-json\/wp\/v2\/categories?post=57"},{"taxonomy":"post_tag","embeddable":true,"href":"https:\/\/sitetab3.ac-reims.fr\/lp-emile-baudot\/-wp-\/wp-json\/wp\/v2\/tags?post=57"}],"curies":[{"name":"wp","href":"https:\/\/api.w.org\/{rel}","templated":true}]}}