{"id":789,"date":"2017-11-29T12:16:47","date_gmt":"2017-11-29T11:16:47","guid":{"rendered":"http:\/\/sitetab3.ac-reims.fr\/lp-emile-baudot\/-wp-\/le-projet-eco-ecole-du-lp-baudot-distingue-a-paris-634\/"},"modified":"2021-11-08T10:38:02","modified_gmt":"2021-11-08T09:38:02","slug":"le-projet-eco-ecole-du-lp-baudot-distingue-a-paris-634","status":"publish","type":"post","link":"https:\/\/sitetab3.ac-reims.fr\/lp-emile-baudot\/-wp-\/le-projet-eco-ecole-du-lp-baudot-distingue-a-paris-634\/","title":{"rendered":"Le projet \u00ab\u00a0Eco-\u00e9cole\u00a0\u00bb du LP Baudot distingu\u00e9 \u00e0 Paris"},"content":{"rendered":"\n\n<p>\n\tLe 18 Novembre, Mme&nbsp;Daire, r\u00e9f\u00e9rente Eco-Ecole et Mme&nbsp;Camus, professeur de biotechnologie repr\u00e9sentaient le lyc\u00e9e au National Operator Meeting \u00e0 Paris, qui r\u00e9unissait 67 pays membres du programme international\u00a0\u00bbEco-Ecole\u00a0\u00bb.<\/p>\n\n\n\n\n<p>\n\tLes enseignants ont pr\u00e9sent\u00e9- en anglais-le projet\u00a0\u00bb Bien-\u00eatre et sant\u00e9\u00a0\u00bb r\u00e9alis\u00e9 en 2016-2017 au sein de l\u2019\u00e9tablissement, en partenariat avec la MGEN.<\/p>\n\n\n\n\n<p>\n\tVoici le document qu\u2019elles ont pr\u00e9sent\u00e9&nbsp;:<\/p>\n\n\n\n\n<p>\n\t<a href=\"http:\/\/sitetab3.ac-reims.fr\/lp-emile-baudot\/-wp-\/wp-content\/uploads\/presentation_projet_bien-etre_et_sante_lp_baudot_ecoschools.pdf\">Pr\u00e9sentation projet \u00ab\u00a0bien-\u00eatre et sant\u00e9\u00a0\u00bb<\/a><\/p>\n\n\n\n\n<p>\n\tEn fin d\u2019apr\u00e8s midi,\u00e0 l\u2019h\u00f4tel de ville de Paris, elles ont re\u00e7u officiellement le drapeau Eco-Ecole des mains de Roland Berthilier&nbsp;; pr\u00e9sident de la MGEN.<\/p>\n\n\n\n\n<p>\n\tCi-dessous le discours de M.&nbsp;Berthilier&nbsp;:<\/p>\n\n\n\n\n<p>\n\t<a href=\"http:\/\/sitetab3.ac-reims.fr\/lp-emile-baudot\/-wp-\/wp-content\/uploads\/green_flag_awards_discours_de_mr_roland_berthilier_president_mgen.pdf\">green_flag_awards_discours_de_mr_roland_berthilier_president_mgen.pdf<\/a><\/p>\n\n\n\t\t<style type=\"text\/css\">\n\t\t\t#gallery-1 {\n\t\t\t\tmargin: auto;\n\t\t\t}\n\t\t\t#gallery-1 .gallery-item {\n\t\t\t\tfloat: left;\n\t\t\t\tmargin-top: 10px;\n\t\t\t\ttext-align: center;\n\t\t\t\twidth: 33%;\n\t\t\t}\n\t\t\t#gallery-1 img {\n\t\t\t\tborder: 2px solid #cfcfcf;\n\t\t\t}\n\t\t\t#gallery-1 .gallery-caption {\n\t\t\t\tmargin-left: 0;\n\t\t\t}\n\t\t\t\/* see gallery_shortcode() in wp-includes\/media.php *\/\n\t\t<\/style>\n\t\t<div id='gallery-1' class='gallery galleryid-789 gallery-columns-3 gallery-size-thumbnail'><dl class='gallery-item'>\n\t\t\t<dt class='gallery-icon landscape'>\n\t\t\t\t<a href='https:\/\/sitetab3.ac-reims.fr\/lp-emile-baudot\/-wp-\/wp-content\/uploads\/ecoschools.jpg'><img loading=\"lazy\" decoding=\"async\" width=\"150\" height=\"150\" src=\"https:\/\/sitetab3.ac-reims.fr\/lp-emile-baudot\/-wp-\/wp-content\/uploads\/ecoschools-150x150.jpg\" class=\"attachment-thumbnail size-thumbnail\" alt=\"ecoschools.jpg\" \/><\/a>\n\t\t\t<\/dt><\/dl>\n\t\t\t<br style='clear: both' \/>\n\t\t<\/div>\n\n<h2 class=\"wp-block-heading\">Documents joints<\/h2>\n\n\n\n<div class=\"wp-block-file\"><a href=\"http:\/\/sitetab3.ac-reims.fr\/lp-emile-baudot\/-wp-\/wp-content\/uploads\/presentation_projet_bien-etre_et_sante_lp_baudot_ecoschools.pdf\">Pr\u00e9sentation projet \u00ab\u00a0bien-\u00eatre et sant\u00e9\u00a0\u00bb<\/a><\/div>\n\n\n\n<div class=\"wp-block-file\"><a href=\"http:\/\/sitetab3.ac-reims.fr\/lp-emile-baudot\/-wp-\/wp-content\/uploads\/green_flag_awards_discours_de_mr_roland_berthilier_president_mgen.pdf\">green_flag_awards_discours_de_mr_roland_berthilier_president_mgen.pdf<\/a><\/div>\n\n\n","protected":false},"excerpt":{"rendered":"<p>Le 18 Novembre, Mme&nbsp;Daire, r\u00e9f\u00e9rente Eco-Ecole et Mme&nbsp;Camus, professeur de biotechnologie repr\u00e9sentaient le lyc\u00e9e au National Operator Meeting \u00e0 Paris, qui r\u00e9unissait 67 pays membres du programme international\u00a0\u00bbEco-Ecole\u00a0\u00bb. Les enseignants ont pr\u00e9sent\u00e9- en anglais-le projet\u00a0\u00bb Bien-\u00eatre et sant\u00e9\u00a0\u00bb r\u00e9alis\u00e9 en 2016-2017 au sein de l\u2019\u00e9tablissement, en partenariat avec la MGEN. Voici le document qu\u2019elles ont [&hellip;]<\/p>\n","protected":false},"author":1,"featured_media":786,"comment_status":"closed","ping_status":"open","sticky":false,"template":"","format":"standard","meta":{"ngg_post_thumbnail":0,"footnotes":""},"categories":[53],"tags":[],"_links":{"self":[{"href":"https:\/\/sitetab3.ac-reims.fr\/lp-emile-baudot\/-wp-\/wp-json\/wp\/v2\/posts\/789"}],"collection":[{"href":"https:\/\/sitetab3.ac-reims.fr\/lp-emile-baudot\/-wp-\/wp-json\/wp\/v2\/posts"}],"about":[{"href":"https:\/\/sitetab3.ac-reims.fr\/lp-emile-baudot\/-wp-\/wp-json\/wp\/v2\/types\/post"}],"author":[{"embeddable":true,"href":"https:\/\/sitetab3.ac-reims.fr\/lp-emile-baudot\/-wp-\/wp-json\/wp\/v2\/users\/1"}],"replies":[{"embeddable":true,"href":"https:\/\/sitetab3.ac-reims.fr\/lp-emile-baudot\/-wp-\/wp-json\/wp\/v2\/comments?post=789"}],"version-history":[{"count":2,"href":"https:\/\/sitetab3.ac-reims.fr\/lp-emile-baudot\/-wp-\/wp-json\/wp\/v2\/posts\/789\/revisions"}],"predecessor-version":[{"id":794,"href":"https:\/\/sitetab3.ac-reims.fr\/lp-emile-baudot\/-wp-\/wp-json\/wp\/v2\/posts\/789\/revisions\/794"}],"wp:featuredmedia":[{"embeddable":true,"href":"https:\/\/sitetab3.ac-reims.fr\/lp-emile-baudot\/-wp-\/wp-json\/wp\/v2\/media\/786"}],"wp:attachment":[{"href":"https:\/\/sitetab3.ac-reims.fr\/lp-emile-baudot\/-wp-\/wp-json\/wp\/v2\/media?parent=789"}],"wp:term":[{"taxonomy":"category","embeddable":true,"href":"https:\/\/sitetab3.ac-reims.fr\/lp-emile-baudot\/-wp-\/wp-json\/wp\/v2\/categories?post=789"},{"taxonomy":"post_tag","embeddable":true,"href":"https:\/\/sitetab3.ac-reims.fr\/lp-emile-baudot\/-wp-\/wp-json\/wp\/v2\/tags?post=789"}],"curies":[{"name":"wp","href":"https:\/\/api.w.org\/{rel}","templated":true}]}}