{"id":1119,"date":"2021-02-21T14:29:00","date_gmt":"2021-02-21T13:29:00","guid":{"rendered":"http:\/\/sitetab3.ac-reims.fr\/lp-val-more\/-wp-\/journees-portes-ouvertes-post-bac-2021-bts-tsma-et-bts-mmcm\/"},"modified":"2022-04-26T15:28:11","modified_gmt":"2022-04-26T13:28:11","slug":"journees-portes-ouvertes-post-bac-2021-bts-tsma-et-bts-mmcm","status":"publish","type":"post","link":"https:\/\/sitetab3.ac-reims.fr\/lp-val-more\/-wp-\/journees-portes-ouvertes-post-bac-2021-bts-tsma-et-bts-mmcm\/","title":{"rendered":"Nos journ\u00e9es PORTES OUVERTES 2022"},"content":{"rendered":"<p style=\"text-align: center;\">&nbsp;<\/p>\r\n<p style=\"text-align: center;\"><a href=\"http:\/\/sitetab3.ac-reims.fr\/lp-val-more\/-wp-\/wp-content\/uploads\/JPO-1.png\"><img loading=\"lazy\" decoding=\"async\" class=\"alignnone  wp-image-1866\" src=\"http:\/\/sitetab3.ac-reims.fr\/lp-val-more\/-wp-\/wp-content\/uploads\/JPO-1.png\" alt=\"\" width=\"842\" height=\"258\" srcset=\"https:\/\/sitetab3.ac-reims.fr\/lp-val-more\/-wp-\/wp-content\/uploads\/JPO-1.png 626w, https:\/\/sitetab3.ac-reims.fr\/lp-val-more\/-wp-\/wp-content\/uploads\/JPO-1-300x92.png 300w\" sizes=\"(max-width: 842px) 100vw, 842px\" \/><\/a><\/p>\r\n<p align=\"center\"><span style=\"font-size: 18pt; font-family: arial, helvetica, sans-serif;\"><strong>Nos portes ouvertes se d\u00e9rouleront les<\/strong><\/span><\/p>\r\n<p align=\"center\"><span style=\"font-size: 18pt; font-family: arial, helvetica, sans-serif;\"><strong>&nbsp;&#8211; Vendredi 11 mars 2022 de 14h00 \u00e0 19h00. <\/strong><\/span><\/p>\r\n<p style=\"text-align: center;\"><span style=\"font-size: 18pt; font-family: arial, helvetica, sans-serif;\"><strong>&#8211; Samedi 12 mars 2022 de 9h00 \u00e0 12h30<\/strong><strong>.<\/strong><\/span><\/p>\r\n<p>&nbsp;<\/p>\r\n<p style=\"text-align: justify;\" align=\"center\"><span style=\"font-family: arial, helvetica, sans-serif; font-size: 14pt;\">&nbsp; L&rsquo;\u00e9quipe de direction, les enseignants et tout le personnel du Lyc\u00e9e des M\u00e9tiers Val Mor\u00e9 seront heureux de vous accueillir et vous faire d\u00e9couvrir l&rsquo;\u00e9tablissement et ses formations.<br><\/span><\/p>\r\n<p align=\"center\">&nbsp;<\/p>\r\n<p align=\"center\"><span style=\"font-size: 14pt; font-family: arial, helvetica, sans-serif;\">Cependant si les conditions sanitaires venaient \u00e0 se d\u00e9grader, nous serions dans l&rsquo;obligation d&rsquo;annuler cet \u00e9v\u00e8nement.<\/span><\/p>\r\n<p align=\"center\"><span style=\"font-size: 14pt; font-family: arial, helvetica, sans-serif;\">Nous vous tiendrons inform\u00e9 au travers de nos 2 sites internet.<\/span><\/p>\r\n<p align=\"center\">&nbsp;<\/p>\r\n<p style=\"text-align: center;\"><span style=\"font-size: 14pt; color: #3366ff; font-family: arial, helvetica, sans-serif;\"><strong>Pour toute demande d&rsquo;information compl\u00e9mentaire, vous pouvez nous contacter au : <\/strong><strong>03 25 29 82 88<\/strong><\/span><\/p>\r\n<p align=\"center\">&nbsp;<\/p>\r\n\r\n<h2 class=\"wp-block-heading\">Documents joints<\/h2>\r\n<div class=\"wp-block-file\"><a href=\"http:\/\/sitetab3.ac-reims.fr\/lp-val-more\/-wp-\/wp-content\/uploads\/triangle_bleu.png\"><img loading=\"lazy\" decoding=\"async\" class=\"alignnone size-full wp-image-1624\" src=\"http:\/\/sitetab3.ac-reims.fr\/lp-val-more\/-wp-\/wp-content\/uploads\/triangle_bleu.png\" alt=\"\" width=\"10\" height=\"16\"><\/a><strong><a href=\"http:\/\/sitetab3.ac-reims.fr\/lp-val-more\/-wp-\/wp-content\/uploads\/presentation_video_du_lycee_des_metiers_val_more.mp4\">Pr\u00e9sentation vid\u00e9o du lyc\u00e9e des M\u00e9tiers Val Mor\u00e9<\/a><\/strong><\/div>\r\n<p>&nbsp;<\/p>\r\n<div><hr><\/div>\r\n\r\n<p>&nbsp;<\/p>","protected":false},"excerpt":{"rendered":"<p>&nbsp; Nos portes ouvertes se d\u00e9rouleront les &nbsp;&#8211; Vendredi 11 mars 2022 de 14h00 \u00e0 19h00. &#8211; Samedi 12 mars 2022 de 9h00 \u00e0 12h30. &nbsp; &nbsp; L&rsquo;\u00e9quipe de direction, les enseignants et tout le personnel du Lyc\u00e9e des M\u00e9tiers Val Mor\u00e9 seront heureux de vous accueillir et vous faire d\u00e9couvrir l&rsquo;\u00e9tablissement et ses formations. [&hellip;]<\/p>\n","protected":false},"author":5,"featured_media":1118,"comment_status":"closed","ping_status":"open","sticky":false,"template":"","format":"standard","meta":{"ngg_post_thumbnail":0,"footnotes":""},"categories":[1],"tags":[101],"_links":{"self":[{"href":"https:\/\/sitetab3.ac-reims.fr\/lp-val-more\/-wp-\/wp-json\/wp\/v2\/posts\/1119"}],"collection":[{"href":"https:\/\/sitetab3.ac-reims.fr\/lp-val-more\/-wp-\/wp-json\/wp\/v2\/posts"}],"about":[{"href":"https:\/\/sitetab3.ac-reims.fr\/lp-val-more\/-wp-\/wp-json\/wp\/v2\/types\/post"}],"author":[{"embeddable":true,"href":"https:\/\/sitetab3.ac-reims.fr\/lp-val-more\/-wp-\/wp-json\/wp\/v2\/users\/5"}],"replies":[{"embeddable":true,"href":"https:\/\/sitetab3.ac-reims.fr\/lp-val-more\/-wp-\/wp-json\/wp\/v2\/comments?post=1119"}],"version-history":[{"count":16,"href":"https:\/\/sitetab3.ac-reims.fr\/lp-val-more\/-wp-\/wp-json\/wp\/v2\/posts\/1119\/revisions"}],"predecessor-version":[{"id":2019,"href":"https:\/\/sitetab3.ac-reims.fr\/lp-val-more\/-wp-\/wp-json\/wp\/v2\/posts\/1119\/revisions\/2019"}],"wp:featuredmedia":[{"embeddable":true,"href":"https:\/\/sitetab3.ac-reims.fr\/lp-val-more\/-wp-\/wp-json\/wp\/v2\/media\/1118"}],"wp:attachment":[{"href":"https:\/\/sitetab3.ac-reims.fr\/lp-val-more\/-wp-\/wp-json\/wp\/v2\/media?parent=1119"}],"wp:term":[{"taxonomy":"category","embeddable":true,"href":"https:\/\/sitetab3.ac-reims.fr\/lp-val-more\/-wp-\/wp-json\/wp\/v2\/categories?post=1119"},{"taxonomy":"post_tag","embeddable":true,"href":"https:\/\/sitetab3.ac-reims.fr\/lp-val-more\/-wp-\/wp-json\/wp\/v2\/tags?post=1119"}],"curies":[{"name":"wp","href":"https:\/\/api.w.org\/{rel}","templated":true}]}}