{"id":2121,"date":"2022-08-26T12:23:12","date_gmt":"2022-08-26T10:23:12","guid":{"rendered":"https:\/\/sitetab3.ac-reims.fr\/lp-val-more\/-wp-\/?p=2121"},"modified":"2023-02-28T14:53:24","modified_gmt":"2023-02-28T13:53:24","slug":"rectificatif-de-laft-pour-la-procedure-cqc-modifiee-le-26-aout-2022","status":"publish","type":"post","link":"https:\/\/sitetab3.ac-reims.fr\/lp-val-more\/-wp-\/rectificatif-de-laft-pour-la-procedure-cqc-modifiee-le-26-aout-2022\/","title":{"rendered":"Rectificatif de l\u2019AFT pour la PROCEDURE CQC modifi\u00e9e le 26 ao\u00fbt 2022"},"content":{"rendered":"\n<figure class=\"wp-block-image size-full is-resized\"><img loading=\"lazy\" decoding=\"async\" src=\"http:\/\/sitetab3.ac-reims.fr\/lp-val-more\/-wp-\/wp-content\/uploads\/image-permis.jpg\" alt=\"\" class=\"wp-image-2085\" width=\"166\" height=\"114\" srcset=\"https:\/\/sitetab3.ac-reims.fr\/lp-val-more\/-wp-\/wp-content\/uploads\/image-permis.jpg 498w, https:\/\/sitetab3.ac-reims.fr\/lp-val-more\/-wp-\/wp-content\/uploads\/image-permis-300x205.jpg 300w\" sizes=\"(max-width: 166px) 100vw, 166px\" \/><\/figure>\n\n\n\n<p>La proc\u00e9dure des d\u00e9marches \u00e0 entreprendre que nous vous avons donn\u00e9e (sur le site) et expliqu\u00e9 aux \u00e9l\u00e8ves \u00e9tait compl\u00e8te et pr\u00e9cise en fin d\u2019ann\u00e9e.<\/p>\n\n\n\n<p>Nous apprenons maintenant que l\u2019AFT exige dor\u00e9navant une copie du permis avant de pouvoir donner acc\u00e8s \u00e0 CQC.<\/p>\n\n\n\n<p><strong>Comment faire&nbsp;?<\/strong><\/p>\n\n\n\n<p>Suite au probl\u00e8me que rencontrent les \u00e9l\u00e8ves pour faire leur d\u00e9marche d\u2019obtention de la CQC sur la plateforme&nbsp;<a href=\"https:\/\/hubprotransport.com\/\"><strong>https:\/\/hubprotransport.com<\/strong><\/a>&nbsp;apr\u00e8s l\u2019\u00e9tape \u00ab&nbsp;je cr\u00e9\u00e9 un compte&nbsp;\u00bb, l\u2019AFT, \u00e0 qui nous avons d\u00e9j\u00e0 transmis toutes les informations, demande maintenant \u00e0 \u00eatre destinataire,<strong> au format PDF,<\/strong> <strong>d\u2019un copie recto verso de <u>votre permis de conduire <\/u>sur une seule page.<\/strong><\/p>\n\n\n\n<h3 class=\"wp-block-heading\">Vous devrez adresser ce document directement \u00e0 l\u2019AFT aupr\u00e8s de Mme DUPUY (<strong>dorothee.dupuy@aft-dev.com<\/strong>)<\/h3>\n\n\n\n<p><strong>en mentionnant imp\u00e9rativement<\/strong> le nom du lyc\u00e9e ou vous avez fait votre formation de BAC PRO Conducteur Transport Routier Marchandises.<\/p>\n\n\n\n<p>Cordialement, le Proviseur.<\/p>\n","protected":false},"excerpt":{"rendered":"<p>La proc\u00e9dure des d\u00e9marches \u00e0 entreprendre que nous vous avons donn\u00e9e (sur le site) et expliqu\u00e9 aux \u00e9l\u00e8ves \u00e9tait compl\u00e8te et pr\u00e9cise en fin d\u2019ann\u00e9e. Nous apprenons maintenant que l\u2019AFT exige dor\u00e9navant une copie du permis avant de pouvoir donner acc\u00e8s \u00e0 CQC. Comment faire&nbsp;? Suite au probl\u00e8me que rencontrent les \u00e9l\u00e8ves pour faire leur [&hellip;]<\/p>\n","protected":false},"author":1,"featured_media":0,"comment_status":"open","ping_status":"open","sticky":false,"template":"","format":"standard","meta":{"ngg_post_thumbnail":0,"footnotes":""},"categories":[1],"tags":[],"_links":{"self":[{"href":"https:\/\/sitetab3.ac-reims.fr\/lp-val-more\/-wp-\/wp-json\/wp\/v2\/posts\/2121"}],"collection":[{"href":"https:\/\/sitetab3.ac-reims.fr\/lp-val-more\/-wp-\/wp-json\/wp\/v2\/posts"}],"about":[{"href":"https:\/\/sitetab3.ac-reims.fr\/lp-val-more\/-wp-\/wp-json\/wp\/v2\/types\/post"}],"author":[{"embeddable":true,"href":"https:\/\/sitetab3.ac-reims.fr\/lp-val-more\/-wp-\/wp-json\/wp\/v2\/users\/1"}],"replies":[{"embeddable":true,"href":"https:\/\/sitetab3.ac-reims.fr\/lp-val-more\/-wp-\/wp-json\/wp\/v2\/comments?post=2121"}],"version-history":[{"count":2,"href":"https:\/\/sitetab3.ac-reims.fr\/lp-val-more\/-wp-\/wp-json\/wp\/v2\/posts\/2121\/revisions"}],"predecessor-version":[{"id":2125,"href":"https:\/\/sitetab3.ac-reims.fr\/lp-val-more\/-wp-\/wp-json\/wp\/v2\/posts\/2121\/revisions\/2125"}],"wp:attachment":[{"href":"https:\/\/sitetab3.ac-reims.fr\/lp-val-more\/-wp-\/wp-json\/wp\/v2\/media?parent=2121"}],"wp:term":[{"taxonomy":"category","embeddable":true,"href":"https:\/\/sitetab3.ac-reims.fr\/lp-val-more\/-wp-\/wp-json\/wp\/v2\/categories?post=2121"},{"taxonomy":"post_tag","embeddable":true,"href":"https:\/\/sitetab3.ac-reims.fr\/lp-val-more\/-wp-\/wp-json\/wp\/v2\/tags?post=2121"}],"curies":[{"name":"wp","href":"https:\/\/api.w.org\/{rel}","templated":true}]}}