{"id":434,"date":"2020-12-31T15:00:00","date_gmt":"2020-12-31T14:00:00","guid":{"rendered":"http:\/\/sitetab3.ac-reims.fr\/lp-val-more\/-wp-\/pour-nous-joindre\/"},"modified":"2021-09-14T11:37:57","modified_gmt":"2021-09-14T09:37:57","slug":"pour-nous-joindre","status":"publish","type":"post","link":"https:\/\/sitetab3.ac-reims.fr\/lp-val-more\/-wp-\/pour-nous-joindre\/","title":{"rendered":"Nos coordonn\u00e9es"},"content":{"rendered":"<p style=\"text-align: center;\"><strong><span style=\"color: #0000ff;\"><span style=\"font-size: 20px;\"><span style=\"font-family: cursive;\">&nbsp; &nbsp; &nbsp; &nbsp; &nbsp; Lyc\u00e9e des M\u00e9tiers Val Mor\u00e9<\/span><\/span><\/span><\/strong><\/p>\n<p style=\"text-align: center;\">&nbsp;<\/p>\n<p style=\"text-align: center;\"><strong><span style=\"color: #0000ff;\"><span style=\"font-size: 20px;\"><span style=\"font-family: cursive;\">13 Avenue Bernard Pieds<\/span><\/span><\/span><\/strong><\/p>\n<p style=\"text-align: center;\">&nbsp;<\/p>\n<p style=\"text-align: center;\"><strong><span style=\"color: #0000ff;\"><span style=\"font-size: 20px;\"><span style=\"font-family: cursive;\">10110 Bar Sur Seine<\/span><\/span><\/span><\/strong><\/p>\n<p style=\"text-align: center;\">&nbsp;<\/p>\n<p style=\"text-align: center;\"><span style=\"color: #0000ff;\"><a href=\"http:\/\/sitetab3.ac-reims.fr\/lp-val-more\/-wp-\/wp-content\/uploads\/QR-code-lp-val-more1.jpg\"><img loading=\"lazy\" decoding=\"async\" class=\"alignnone size-full wp-image-1780\" src=\"http:\/\/sitetab3.ac-reims.fr\/lp-val-more\/-wp-\/wp-content\/uploads\/QR-code-lp-val-more1.jpg\" alt=\"\" width=\"330\" height=\"330\" srcset=\"https:\/\/sitetab3.ac-reims.fr\/lp-val-more\/-wp-\/wp-content\/uploads\/QR-code-lp-val-more1.jpg 330w, https:\/\/sitetab3.ac-reims.fr\/lp-val-more\/-wp-\/wp-content\/uploads\/QR-code-lp-val-more1-300x300.jpg 300w, https:\/\/sitetab3.ac-reims.fr\/lp-val-more\/-wp-\/wp-content\/uploads\/QR-code-lp-val-more1-150x150.jpg 150w\" sizes=\"(max-width: 330px) 100vw, 330px\" \/><\/a><\/span><\/p>\n<p align=\"center\">&nbsp;<\/p>\n<p align=\"center\"><span style=\"font-size: 20px;\"><span style=\"color: #0000ff;\">https:\/\/sitetab3.ac-reims.fr\/lp-val-more\/-wp-\/<\/span><\/span><\/p>\n<hr>\n<p>&nbsp;<\/p>\n<p><span style=\"color: #0000ff;\"><span style=\"font-family: cursive;\"><img loading=\"lazy\" decoding=\"async\" style=\"float: left;\" src=\"https:\/\/sepia.ac-reims.fr\/lp-val-more\/-spip-\/IMG\/UserFiles\/Images\/icone_tel.png\" alt=\"\" width=\"44\" height=\"44\"><span style=\"font-size: 20px;\"><strong>&nbsp; <u>Tel&nbsp;:<\/u> 03 25 29 82 88<\/strong><\/span><\/span><\/span><\/p>\n<p>&nbsp;<\/p>\n<p><span style=\"font-size: 20px;\"><strong><span style=\"color: #0000ff;\">&nbsp; &nbsp; &nbsp;<u>F<\/u><span style=\"font-family: cursive;\"><u><img loading=\"lazy\" decoding=\"async\" style=\"float: left;\" src=\"http:\/\/sepia.ac-reims.fr\/lp-val-more\/-spip-\/IMG\/UserFiles\/Images\/fax-icone.jpg\" alt=\"\" width=\"37\" height=\"37\">ax&nbsp;:<\/u> 03 25 29 73 67<\/span><\/span><\/strong><\/span><\/p>\n<p>&nbsp;<\/p>\n<p><span style=\"font-size: 20px;\"><strong><span style=\"color: #0000ff;\"><img loading=\"lazy\" decoding=\"async\" style=\"float: left;\" src=\"http:\/\/sepia.ac-reims.fr\/lp-val-more\/-spip-\/IMG\/UserFiles\/Images\/icone-email.jpg\" alt=\"\" width=\"42\" height=\"42\"><\/span><\/strong><\/span><\/p>\n<p><span style=\"font-size: 20px;\"><strong><span style=\"color: #0000ff;\"><span style=\"font-family: cursive;\"><strong style=\"color: #0000cd;\">&nbsp; Mail :&nbsp;<\/strong>ce.0100004a@ac-reims.fr<\/span><\/span><\/strong><\/span><\/p>\n<p>&nbsp;<\/p>\n<p>&nbsp;<\/p>\n<hr>\n<p><span style=\"display: none;\">&nbsp;<\/span><\/p>\n<p style=\"text-align: center;\"><span style=\"color: #ffffff;\"><span style=\"font-size: 20px;\"><span style=\"font-family: serif;\"><strong><span id=\"cke_bm_674S\" style=\"display: none;\">&nbsp;<\/span><span style=\"background-color: #0000ff;\">HORAIRES D\u2019OUVERTURE DE L\u2019ETABLISSEMENT<span id=\"cke_bm_674E\" style=\"display: none;\">&nbsp;<\/span> <\/span><\/strong><\/span><\/span><\/span><\/p>\n<p><span style=\"display: none;\">&nbsp;<\/span><\/p>\n<p style=\"text-align: center;\">&nbsp;<\/p>\n<p style=\"text-align: center;\"><span style=\"font-family: serif;\"><span style=\"font-size: 14px;\"><span style=\"font-size: 20px;\"><strong><span style=\"color: #ffffff;\"><span style=\"background-color: #0000ff;\">du lundi au vendredi de 08h15 \u00e0 17h45<\/span><\/span><\/strong><\/span><\/span><\/span><\/p>\n<p style=\"text-align: center;\">&nbsp;<\/p>\n<p style=\"text-align: center;\">&nbsp;<\/p>\n<p style=\"text-align: center;\">&nbsp;<\/p>\n<hr>\n<p>&nbsp;<\/p>\n","protected":false},"excerpt":{"rendered":"<p>&nbsp; &nbsp; &nbsp; &nbsp; &nbsp; Lyc\u00e9e des M\u00e9tiers Val Mor\u00e9 &nbsp; 13 Avenue Bernard Pieds &nbsp; 10110 Bar Sur Seine &nbsp; &nbsp; https:\/\/sitetab3.ac-reims.fr\/lp-val-more\/-wp-\/ &nbsp; &nbsp; Tel&nbsp;: 03 25 29 82 88 &nbsp; &nbsp; &nbsp; &nbsp;Fax&nbsp;: 03 25 29 73 67 &nbsp; &nbsp; Mail :&nbsp;ce.0100004a@ac-reims.fr &nbsp; &nbsp; &nbsp; &nbsp;HORAIRES D\u2019OUVERTURE DE L\u2019ETABLISSEMENT&nbsp; &nbsp; &nbsp; du lundi [&hellip;]<\/p>\n","protected":false},"author":5,"featured_media":433,"comment_status":"closed","ping_status":"open","sticky":false,"template":"","format":"standard","meta":{"ngg_post_thumbnail":0,"footnotes":""},"categories":[64],"tags":[],"_links":{"self":[{"href":"https:\/\/sitetab3.ac-reims.fr\/lp-val-more\/-wp-\/wp-json\/wp\/v2\/posts\/434"}],"collection":[{"href":"https:\/\/sitetab3.ac-reims.fr\/lp-val-more\/-wp-\/wp-json\/wp\/v2\/posts"}],"about":[{"href":"https:\/\/sitetab3.ac-reims.fr\/lp-val-more\/-wp-\/wp-json\/wp\/v2\/types\/post"}],"author":[{"embeddable":true,"href":"https:\/\/sitetab3.ac-reims.fr\/lp-val-more\/-wp-\/wp-json\/wp\/v2\/users\/5"}],"replies":[{"embeddable":true,"href":"https:\/\/sitetab3.ac-reims.fr\/lp-val-more\/-wp-\/wp-json\/wp\/v2\/comments?post=434"}],"version-history":[{"count":2,"href":"https:\/\/sitetab3.ac-reims.fr\/lp-val-more\/-wp-\/wp-json\/wp\/v2\/posts\/434\/revisions"}],"predecessor-version":[{"id":1781,"href":"https:\/\/sitetab3.ac-reims.fr\/lp-val-more\/-wp-\/wp-json\/wp\/v2\/posts\/434\/revisions\/1781"}],"wp:featuredmedia":[{"embeddable":true,"href":"https:\/\/sitetab3.ac-reims.fr\/lp-val-more\/-wp-\/wp-json\/wp\/v2\/media\/433"}],"wp:attachment":[{"href":"https:\/\/sitetab3.ac-reims.fr\/lp-val-more\/-wp-\/wp-json\/wp\/v2\/media?parent=434"}],"wp:term":[{"taxonomy":"category","embeddable":true,"href":"https:\/\/sitetab3.ac-reims.fr\/lp-val-more\/-wp-\/wp-json\/wp\/v2\/categories?post=434"},{"taxonomy":"post_tag","embeddable":true,"href":"https:\/\/sitetab3.ac-reims.fr\/lp-val-more\/-wp-\/wp-json\/wp\/v2\/tags?post=434"}],"curies":[{"name":"wp","href":"https:\/\/api.w.org\/{rel}","templated":true}]}}