{"id":599,"date":"2020-12-31T10:37:18","date_gmt":"2020-12-31T09:37:18","guid":{"rendered":"http:\/\/sitetab3.ac-reims.fr\/lp-val-more\/-wp-\/apres-la-4eme\/"},"modified":"2020-12-31T10:37:18","modified_gmt":"2020-12-31T09:37:18","slug":"apres-la-4eme","status":"publish","type":"post","link":"https:\/\/sitetab3.ac-reims.fr\/lp-val-more\/-wp-\/apres-la-4eme\/","title":{"rendered":"Apr\u00e8s la 4\u00e8me"},"content":{"rendered":"<div>\n<h3>\n\t\t<span style=\"color:#0033ff;\"><span style=\"font-family: cursive;\"><u><strong><span style=\"font-size: 20px;\">Proc\u00e9dure au cours de la classe de 4<sup>\u00e8me<\/sup><\/span><\/strong><\/u><\/span><\/span><\/h3>\n<\/div>\n<p style=\"text-align: justify;\">\n\t&nbsp;<\/p>\n<h4 style=\"text-align: justify;\">\n\t<span style=\"color:#0033ff;\"><strong><em><span style=\"font-family: cursive;\"><u>Au 2<sup>\u00e8me<\/sup> trimestre<\/u><\/span><\/em><\/strong><\/span><\/h4>\n<ul>\n<li style=\"text-align: justify;\">\n\t\t<span style=\"font-family:cursive;\">la famille demande&nbsp;:<\/span><\/p>\n<ul>\n<li>\n\t\t\t\t<span style=\"font-family:cursive;\">&nbsp;le passage en <span style=\"font-family:cursive;\">3<sup>\u00e8me<\/sup><\/span><sup> <\/sup>g\u00e9n\u00e9rale,<\/span><\/li>\n<li>\n\t\t\t\t<span style=\"font-family:cursive;\">&nbsp;le redoublement, <\/span><\/li>\n<li>\n\t\t\t\t<span style=\"font-family:cursive;\">le passage<strong> en 3<sup>\u00e8me<\/sup> Pr\u00e9pa-M\u00e9tiers<\/strong>, <u>(voir rubrique Nos formations)<\/u><\/span><\/li>\n<li>\n\t\t\t\t<span style=\"font-family:cursive;\">un dispositif d\u2019initiation aux m\u00e9tiers en alternance (DIMA) r\u00e9serv\u00e9 uniquement aux \u00e9l\u00e8ves qui ont plus de 15 ans.<\/span><\/li>\n<\/ul>\n<\/li>\n<\/ul>\n<p style=\"text-align: justify;\">\n\t&nbsp;<\/p>\n<ul>\n<li style=\"text-align: justify;\">\n\t\t<span style=\"font-family:cursive;\">le conseil de classe r\u00e9pond \u00e0 cette demande de fa\u00e7on provisoire,<\/span><\/li>\n<\/ul>\n<p style=\"text-align: justify;\">\n\t&nbsp;<\/p>\n<ul>\n<li style=\"text-align: justify;\">\n\t\t<span style=\"font-family:cursive;\">en cas de d\u00e9saccord le dialogue commence et est maintenu jusqu\u2019au <span style=\"font-family:cursive;\">3<sup>\u00e8me<\/sup><\/span> trimestre,<\/span><\/li>\n<\/ul>\n<p style=\"text-align: justify;\">\n\t&nbsp;<\/p>\n<h4 style=\"text-align: justify;\">\n\t<span style=\"color:#0033ff;\"><strong><em><span style=\"font-family: cursive;\"><u>puis au 3<sup>\u00e8me<\/sup> trimestre<\/u><\/span><\/em><\/strong><\/span><\/h4>\n<ul>\n<li style=\"text-align: justify;\">\n\t\t<span style=\"font-family:cursive;\">la famille confirme ou modifie sa demande&nbsp;:<\/span><\/p>\n<ul>\n<li>\n\t\t\t\t<span style=\"font-family:cursive;\">le passage en <span style=\"font-family:cursive;\">3<sup>\u00e8me<\/sup><\/span><sup> <\/sup>g\u00e9n\u00e9rale,<\/span><\/li>\n<li>\n\t\t\t\t<span style=\"font-family:cursive;\">le redoublement, <\/span><\/li>\n<li>\n\t\t\t\t<span style=\"font-family:cursive;\"><span style=\"font-family:cursive;\">le passage en <strong>3<sup>\u00e8me<\/sup> Pr\u00e9pa-M\u00e9tiers<\/strong>, <u>(voir rubrique Nos formations)<\/u><\/span><\/span><\/li>\n<li>\n\t\t\t\t<span style=\"font-family:cursive;\">au sein d\u2019un dispositif d\u2019initiation aux m\u00e9tiers en alternance (DIMA) r\u00e9serv\u00e9 uniquement aux \u00e9l\u00e8ves qui ont plus de 15 ans.<\/span><\/li>\n<\/ul>\n<\/li>\n<\/ul>\n<p style=\"text-align: justify;\">\n\t&nbsp;<\/p>\n<ul>\n<li style=\"text-align: justify;\">\n\t\t<span style=\"font-family:cursive;\">le conseil de classe propose une des modalit\u00e9s en tenant compte du bilan de l\u2019\u00e9l\u00e8ve par rapport aux objectifs du niveau de <strong>4<span style=\"font-family:cursive;\"><sup>\u00e8me<\/sup><\/span><\/strong><span style=\"font-family:cursive;\">,<\/span><\/span><\/li>\n<\/ul>\n<p style=\"text-align: justify;\">\n\t&nbsp;<\/p>\n<ul>\n<li style=\"text-align: justify;\">\n\t\t<span style=\"font-family:cursive;\">en cas d\u2019accord, la proposition devient d\u00e9cision du chef d\u2019\u00e9tablissement qui la notifie \u00e0 la famille,<\/span><\/li>\n<\/ul>\n<p style=\"text-align: justify;\">\n\t&nbsp;<\/p>\n<ul>\n<li style=\"text-align: justify;\">\n\t\t<span style=\"font-family:cursive;\">en cas de d\u00e9saccord, un entretien est propos\u00e9 \u00e0 la famille par le chef d\u2019\u00e9tablissement,<\/span><\/li>\n<\/ul>\n<p style=\"text-align: justify;\">\n\t&nbsp;<\/p>\n<ul>\n<li style=\"text-align: justify;\">\n\t\t<span style=\"font-family:cursive;\">si le d\u00e9saccord persiste, le chef d\u2019\u00e9tablissement doit motiver sa d\u00e9cision et la famille a 3 jours pour d\u00e9cider de recourir \u00e0 une commission d\u2019appel. La d\u00e9cision de celle-ci est d\u00e9finitive.<\/span><\/li>\n<\/ul>\n<p style=\"text-align: justify;\">\n\t&nbsp;<\/p>\n<p style=\"text-align: justify;\">\n\t&nbsp;<\/p>\n<p>\n\t&nbsp;<\/p>\n","protected":false},"excerpt":{"rendered":"<p>Proc\u00e9dure au cours de la classe de 4\u00e8me &nbsp; Au 2\u00e8me trimestre la famille demande&nbsp;: &nbsp;le passage en 3\u00e8me g\u00e9n\u00e9rale, &nbsp;le redoublement, le passage en 3\u00e8me Pr\u00e9pa-M\u00e9tiers, (voir rubrique Nos formations) un dispositif d\u2019initiation aux m\u00e9tiers en alternance (DIMA) r\u00e9serv\u00e9 uniquement aux \u00e9l\u00e8ves qui ont plus de 15 ans. &nbsp; le conseil de classe r\u00e9pond [&hellip;]<\/p>\n","protected":false},"author":5,"featured_media":0,"comment_status":"closed","ping_status":"open","sticky":false,"template":"","format":"standard","meta":{"ngg_post_thumbnail":0,"footnotes":""},"categories":[92],"tags":[],"_links":{"self":[{"href":"https:\/\/sitetab3.ac-reims.fr\/lp-val-more\/-wp-\/wp-json\/wp\/v2\/posts\/599"}],"collection":[{"href":"https:\/\/sitetab3.ac-reims.fr\/lp-val-more\/-wp-\/wp-json\/wp\/v2\/posts"}],"about":[{"href":"https:\/\/sitetab3.ac-reims.fr\/lp-val-more\/-wp-\/wp-json\/wp\/v2\/types\/post"}],"author":[{"embeddable":true,"href":"https:\/\/sitetab3.ac-reims.fr\/lp-val-more\/-wp-\/wp-json\/wp\/v2\/users\/5"}],"replies":[{"embeddable":true,"href":"https:\/\/sitetab3.ac-reims.fr\/lp-val-more\/-wp-\/wp-json\/wp\/v2\/comments?post=599"}],"version-history":[{"count":0,"href":"https:\/\/sitetab3.ac-reims.fr\/lp-val-more\/-wp-\/wp-json\/wp\/v2\/posts\/599\/revisions"}],"wp:attachment":[{"href":"https:\/\/sitetab3.ac-reims.fr\/lp-val-more\/-wp-\/wp-json\/wp\/v2\/media?parent=599"}],"wp:term":[{"taxonomy":"category","embeddable":true,"href":"https:\/\/sitetab3.ac-reims.fr\/lp-val-more\/-wp-\/wp-json\/wp\/v2\/categories?post=599"},{"taxonomy":"post_tag","embeddable":true,"href":"https:\/\/sitetab3.ac-reims.fr\/lp-val-more\/-wp-\/wp-json\/wp\/v2\/tags?post=599"}],"curies":[{"name":"wp","href":"https:\/\/api.w.org\/{rel}","templated":true}]}}