{"id":185,"date":"2012-03-22T13:07:48","date_gmt":"2012-03-22T12:07:48","guid":{"rendered":"http:\/\/sitetab3.ac-reims.fr\/lyc-bayle\/-wp-\/les-objectifs-de-la-section\/"},"modified":"2020-12-01T15:01:12","modified_gmt":"2020-12-01T14:01:12","slug":"les-objectifs-de-la-section","status":"publish","type":"post","link":"https:\/\/sitetab3.ac-reims.fr\/lyc-bayle\/-wp-\/les-objectifs-de-la-section\/","title":{"rendered":"Les objectifs de la section"},"content":{"rendered":"<p align=\"center\"><strong><span style=\"font-size: 14pt;\">SECTION SPORTIVE FOOTBALL DU LYCEE PIERRE BAYLE<\/span><\/strong><b><\/b><\/p>\n<p>\u00a0<\/p>\n<p><span style=\"text-decoration: underline;\"><b>ORGANIGRAMME<\/b>\u00a0:<\/span><\/p>\n<p>Direction\u00a0:\u00a0\u00a0\u00a0\u00a0\u00a0\u00a0\u00a0 M. SIMAL \u2013 Proviseur<\/p>\n<p>\u00a0\u00a0\u00a0\u00a0\u00a0\u00a0\u00a0\u00a0\u00a0\u00a0\u00a0\u00a0\u00a0\u00a0\u00a0\u00a0\u00a0\u00a0\u00a0\u00a0\u00a0\u00a0\u00a0 Mme FISCHER \u2013 Proviseur-Adjoint<\/p>\n<p>Responsable de la section\u00a0: M. LEBEC \u2013 Professeur d\u2019EPS<\/p>\n<p>Entra\u00eeneur\u00a0: M. LEBEC, Professeur d\u2019EPS\u00a0\u00a0\u00a0\u00a0\u00a0\u00a0\u00a0\u00a0\u00a0\u00a0\u00a0\u00a0\u00a0\u00a0\u00a0\u00a0\u00a0\u00a0\u00a0\u00a0\u00a0\u00a0<\/p>\n<p><span style=\"text-decoration: underline;\"><b>OBJECTIFS<\/b>\u00a0:<\/span><\/p>\n<ul>\n<li>Permettre la pratique intensive du sport tout en continuant une scolarit\u00e9 normale<\/li>\n<li>Poursuivre les m\u00eames \u00e9tudes que les autres \u00e9l\u00e8ves de leur classe tout en ayant des horaires am\u00e9nag\u00e9s<\/li>\n<li>Perfectionnement technique dans l\u2019activit\u00e9 football<\/li>\n<li>Formation au dipl\u00f4me du Jeune Arbitre de District<\/li>\n<li>Int\u00e9grer les notions n\u00e9cessaires \u00e0 la pr\u00e9paration d\u2019efforts r\u00e9p\u00e9t\u00e9s et soutenus<\/li>\n<li>Assurer la continuit\u00e9 (coll\u00e8ge-lyc\u00e9e) du syst\u00e8me Football Etudes \u00e0 Sedan.<\/li>\n<\/ul>\n<p><span style=\"text-decoration: underline;\"><b>ORGANISATION SCOLAIRE DE LA SECTION<\/b>\u00a0:<\/span><\/p>\n<p>Les horaires des classes ayant des \u00e9l\u00e8ves de la section sportive sont am\u00e9nag\u00e9s afin de permettre l\u2019entra\u00eenement sportif.<\/p>\n<p>Compte tenu de la densit\u00e9 de l\u2019emploi du temps, il para\u00eet n\u00e9cessaire de souligner que le candidat devra poss\u00e9der un bon niveau scolaire et de la rigueur dans l\u2019organisation de son travail.<\/p>\n<p>Une consultation des dossiers scolaires des \u00e9l\u00e8ves est ainsi pr\u00e9vue.<\/p>\n<p><span style=\"text-decoration: underline;\"><b>ORGANISATION SPORTIVE DE LA SECTION<\/b>\u00a0:<\/span><\/p>\n<p>L\u2019encadrement est assur\u00e9 par un professeur d\u2019EPS titulaire du Brevet d\u2019Etat 1<sup>er<\/sup> degr\u00e9 sp\u00e9cialit\u00e9 football.<\/p>\n<p>L\u2019entra\u00eenement a lieu deux jours par semaine (lundi et jeudi) de 16h \u00e0 18h.<\/p>\n<p>12 \u00e0 15 mercredis apr\u00e8s-midi seront obligatoires dans l\u2019ann\u00e9e pour les rencontres du championnat UNSS et les matchs amicaux contre les autres sections sportives football.<\/p>\n<p>L\u2019\u00e9l\u00e8ve est \u00e0 la disposition de son club pour les matchs de championnat ou de s\u00e9lection d\u00e9partementale, r\u00e9gionale ou nationale.<\/p>\n<p><span style=\"text-decoration: underline;\"><b>LES INSTALLATIONS<\/b>\u00a0:<\/span><\/p>\n<p>Le terrain d\u2019entra\u00eenement synth\u00e9tique se trouve \u00e0 proximit\u00e9 du lyc\u00e9e pour la pratique en plein air.<\/p>\n<p>Une salle de musculation, une salle de classe et un gymnase sont \u00e0 disposition pour la pr\u00e9paration athl\u00e9tique, le travail tactique et les diff\u00e9rentes formations, ainsi que pour la pratique du Futsal.<\/p>\n","protected":false},"excerpt":{"rendered":"<p>SECTION SPORTIVE FOOTBALL DU LYCEE PIERRE BAYLE \u00a0 ORGANIGRAMME\u00a0: Direction\u00a0:\u00a0\u00a0\u00a0\u00a0\u00a0\u00a0\u00a0 M. SIMAL \u2013 Proviseur \u00a0\u00a0\u00a0\u00a0\u00a0\u00a0\u00a0\u00a0\u00a0\u00a0\u00a0\u00a0\u00a0\u00a0\u00a0\u00a0\u00a0\u00a0\u00a0\u00a0\u00a0\u00a0\u00a0 Mme FISCHER \u2013 Proviseur-Adjoint Responsable de la section\u00a0: M. LEBEC \u2013 Professeur d\u2019EPS Entra\u00eeneur\u00a0: M. LEBEC, Professeur d\u2019EPS\u00a0\u00a0\u00a0\u00a0\u00a0\u00a0\u00a0\u00a0\u00a0\u00a0\u00a0\u00a0\u00a0\u00a0\u00a0\u00a0\u00a0\u00a0\u00a0\u00a0\u00a0\u00a0 OBJECTIFS\u00a0: Permettre la pratique intensive du sport tout en continuant une scolarit\u00e9 normale Poursuivre les m\u00eames \u00e9tudes que les autres \u00e9l\u00e8ves de [&hellip;]<\/p>\n","protected":false},"author":26,"featured_media":0,"comment_status":"closed","ping_status":"open","sticky":false,"template":"","format":"standard","meta":{"ngg_post_thumbnail":0,"footnotes":""},"categories":[52],"tags":[],"_links":{"self":[{"href":"https:\/\/sitetab3.ac-reims.fr\/lyc-bayle\/-wp-\/wp-json\/wp\/v2\/posts\/185"}],"collection":[{"href":"https:\/\/sitetab3.ac-reims.fr\/lyc-bayle\/-wp-\/wp-json\/wp\/v2\/posts"}],"about":[{"href":"https:\/\/sitetab3.ac-reims.fr\/lyc-bayle\/-wp-\/wp-json\/wp\/v2\/types\/post"}],"author":[{"embeddable":true,"href":"https:\/\/sitetab3.ac-reims.fr\/lyc-bayle\/-wp-\/wp-json\/wp\/v2\/users\/26"}],"replies":[{"embeddable":true,"href":"https:\/\/sitetab3.ac-reims.fr\/lyc-bayle\/-wp-\/wp-json\/wp\/v2\/comments?post=185"}],"version-history":[{"count":1,"href":"https:\/\/sitetab3.ac-reims.fr\/lyc-bayle\/-wp-\/wp-json\/wp\/v2\/posts\/185\/revisions"}],"predecessor-version":[{"id":1530,"href":"https:\/\/sitetab3.ac-reims.fr\/lyc-bayle\/-wp-\/wp-json\/wp\/v2\/posts\/185\/revisions\/1530"}],"wp:attachment":[{"href":"https:\/\/sitetab3.ac-reims.fr\/lyc-bayle\/-wp-\/wp-json\/wp\/v2\/media?parent=185"}],"wp:term":[{"taxonomy":"category","embeddable":true,"href":"https:\/\/sitetab3.ac-reims.fr\/lyc-bayle\/-wp-\/wp-json\/wp\/v2\/categories?post=185"},{"taxonomy":"post_tag","embeddable":true,"href":"https:\/\/sitetab3.ac-reims.fr\/lyc-bayle\/-wp-\/wp-json\/wp\/v2\/tags?post=185"}],"curies":[{"name":"wp","href":"https:\/\/api.w.org\/{rel}","templated":true}]}}