{"id":247,"date":"2012-05-12T14:49:55","date_gmt":"2012-05-12T12:49:55","guid":{"rendered":"http:\/\/sitetab3.ac-reims.fr\/lyc-bayle\/-wp-\/convention-entre-la-cecot-et-le-lycee-pierre-bayle\/"},"modified":"2020-12-01T14:58:16","modified_gmt":"2020-12-01T13:58:16","slug":"convention-entre-la-cecot-et-le-lycee-pierre-bayle","status":"publish","type":"post","link":"https:\/\/sitetab3.ac-reims.fr\/lyc-bayle\/-wp-\/convention-entre-la-cecot-et-le-lycee-pierre-bayle\/","title":{"rendered":"Convention entre la CECOT et le Lyc\u00e9e Pierre Bayle"},"content":{"rendered":"<table style=\"width: 680px; margin-left: auto; margin-right: auto;\" border=\"0\">\n<tbody>\n<tr>\n<td>\n<p style=\"text-align: justify;\"><span style=\"font-family: times new roman,times; font-size: 12pt;\">\u203a L&rsquo;Organisation patronale&nbsp;<strong>CECOT<\/strong> de Terrassa (Barcelone) et le lyc\u00e9e Pierre Bayle ont sign\u00e9 une convention de collaboration&nbsp; dans la recherche de stages en entreprise pour les \u00e9tudiants de BTS. Ainsi, trois \u00e9udiants de BTS Commerce International de notre lyc\u00e9e et deux de BTS Tourisme du Lyc\u00e9e de Bazeilles ont pu partir r\u00e9aliser leur stage \u00e0 Terrassa et \u00e0 Barcelone.<\/span><\/p>\n<p style=\"text-align: justify;\"><a target=\"_blank\" href=\"http:\/\/www.cecot.org\/Home\/Comunicaci%C3%B3\/Cecot-opina\/Articles\/detallCirculars\/_XpvXGxscv17XIY0YnNr1_-gRVzmJIxFOW53o5oy_hgFWcMTpPR1UcLkNj5JxeamNCR5YWcScxHGlEYZi0cbQfu8N6ll0ocyowfmGyBCS8L-4wWEiqAcNHbdba-qRhP8FsVCMkgCKwg3rdfnCQ20WjIUAkRdlUBXxc0bo-MUUIx4fSfJlyRWJZ9a6ZRVmwRKF\">LIRE L&rsquo;ARTICLE<\/a><\/p>\n<\/td>\n<\/tr>\n<\/tbody>\n<\/table>\n<p>&nbsp;<\/p>\n","protected":false},"excerpt":{"rendered":"<p>\u203a L&rsquo;Organisation patronale&nbsp;CECOT de Terrassa (Barcelone) et le lyc\u00e9e Pierre Bayle ont sign\u00e9 une convention de collaboration&nbsp; dans la recherche de stages en entreprise pour les \u00e9tudiants de BTS. Ainsi, trois \u00e9udiants de BTS Commerce International de notre lyc\u00e9e et deux de BTS Tourisme du Lyc\u00e9e de Bazeilles ont pu partir r\u00e9aliser leur stage \u00e0 [&hellip;]<\/p>\n","protected":false},"author":27,"featured_media":0,"comment_status":"closed","ping_status":"open","sticky":false,"template":"","format":"standard","meta":{"ngg_post_thumbnail":0,"footnotes":""},"categories":[61],"tags":[],"_links":{"self":[{"href":"https:\/\/sitetab3.ac-reims.fr\/lyc-bayle\/-wp-\/wp-json\/wp\/v2\/posts\/247"}],"collection":[{"href":"https:\/\/sitetab3.ac-reims.fr\/lyc-bayle\/-wp-\/wp-json\/wp\/v2\/posts"}],"about":[{"href":"https:\/\/sitetab3.ac-reims.fr\/lyc-bayle\/-wp-\/wp-json\/wp\/v2\/types\/post"}],"author":[{"embeddable":true,"href":"https:\/\/sitetab3.ac-reims.fr\/lyc-bayle\/-wp-\/wp-json\/wp\/v2\/users\/27"}],"replies":[{"embeddable":true,"href":"https:\/\/sitetab3.ac-reims.fr\/lyc-bayle\/-wp-\/wp-json\/wp\/v2\/comments?post=247"}],"version-history":[{"count":1,"href":"https:\/\/sitetab3.ac-reims.fr\/lyc-bayle\/-wp-\/wp-json\/wp\/v2\/posts\/247\/revisions"}],"predecessor-version":[{"id":1502,"href":"https:\/\/sitetab3.ac-reims.fr\/lyc-bayle\/-wp-\/wp-json\/wp\/v2\/posts\/247\/revisions\/1502"}],"wp:attachment":[{"href":"https:\/\/sitetab3.ac-reims.fr\/lyc-bayle\/-wp-\/wp-json\/wp\/v2\/media?parent=247"}],"wp:term":[{"taxonomy":"category","embeddable":true,"href":"https:\/\/sitetab3.ac-reims.fr\/lyc-bayle\/-wp-\/wp-json\/wp\/v2\/categories?post=247"},{"taxonomy":"post_tag","embeddable":true,"href":"https:\/\/sitetab3.ac-reims.fr\/lyc-bayle\/-wp-\/wp-json\/wp\/v2\/tags?post=247"}],"curies":[{"name":"wp","href":"https:\/\/api.w.org\/{rel}","templated":true}]}}