{"id":4989,"date":"2026-03-02T11:48:58","date_gmt":"2026-03-02T10:48:58","guid":{"rendered":"https:\/\/sitetab3.ac-reims.fr\/lyc-bayle\/-wp-\/?p=4989"},"modified":"2026-03-02T11:49:00","modified_gmt":"2026-03-02T10:49:00","slug":"les-anciens-etudiants-du-bts-ci-au-lycee-pierre-bayle","status":"publish","type":"post","link":"https:\/\/sitetab3.ac-reims.fr\/lyc-bayle\/-wp-\/les-anciens-etudiants-du-bts-ci-au-lycee-pierre-bayle\/","title":{"rendered":"Les anciens \u00e9tudiants du BTS CI au Lyc\u00e9e Pierre Bayle"},"content":{"rendered":"\n<figure class=\"wp-block-image size-full\"><img loading=\"lazy\" decoding=\"async\" width=\"511\" height=\"383\" src=\"https:\/\/sitetab3.ac-reims.fr\/lyc-bayle\/-wp-\/wp-content\/uploads\/visite_anciens_CI.png\" alt=\"\" class=\"wp-image-4990\" srcset=\"https:\/\/sitetab3.ac-reims.fr\/lyc-bayle\/-wp-\/wp-content\/uploads\/visite_anciens_CI.png 511w, https:\/\/sitetab3.ac-reims.fr\/lyc-bayle\/-wp-\/wp-content\/uploads\/visite_anciens_CI-300x225.png 300w\" sizes=\"(max-width: 511px) 100vw, 511px\" \/><\/figure>\n\n\n\n<p>Mercredi 11 f\u00e9vrier 2026, les anciens \u00e9tudiants de BTS Commerce International sont intervenus au sein du lyc\u00e9e Pierre Bayle de Sedan. Ils ont pr\u00e9sent\u00e9 les stages en France et \u00e0 l&rsquo;\u00e9tranger durant leur cursus, leur parcours scolaire post-BTS et leurs emplois. De belles entreprises:\u00a0Mehdi SABEUR ( Island pok\u00e9 &amp; bubble tea),\u00a0Julie NIMPER ( Amph\u00e9nol),\u00a0Lor\u00e9na BEGLOT (Amph\u00e9nol),\u00a0Jordan OURANADEUR (Genmark: Pays-Bas),\u00a0M\u00e9lisande DELIZEE (Tarkett),\u00a0Noah AKHOUNAK (Portrea),\u00a0Neven DUBOIS (Invicta).\u00a0Des retrouvailles riches.<\/p>\n","protected":false},"excerpt":{"rendered":"<p>Mercredi 11 f\u00e9vrier 2026, les anciens \u00e9tudiants de BTS Commerce International sont intervenus au sein du lyc\u00e9e Pierre Bayle de Sedan. Ils ont pr\u00e9sent\u00e9 les stages en France et \u00e0 l&rsquo;\u00e9tranger durant leur cursus, leur parcours scolaire post-BTS et leurs emplois. De belles entreprises:\u00a0Mehdi SABEUR ( Island pok\u00e9 &amp; bubble tea),\u00a0Julie NIMPER ( Amph\u00e9nol),\u00a0Lor\u00e9na BEGLOT [&hellip;]<\/p>\n","protected":false},"author":1,"featured_media":0,"comment_status":"closed","ping_status":"open","sticky":false,"template":"","format":"standard","meta":{"ngg_post_thumbnail":0,"footnotes":""},"categories":[3],"tags":[],"_links":{"self":[{"href":"https:\/\/sitetab3.ac-reims.fr\/lyc-bayle\/-wp-\/wp-json\/wp\/v2\/posts\/4989"}],"collection":[{"href":"https:\/\/sitetab3.ac-reims.fr\/lyc-bayle\/-wp-\/wp-json\/wp\/v2\/posts"}],"about":[{"href":"https:\/\/sitetab3.ac-reims.fr\/lyc-bayle\/-wp-\/wp-json\/wp\/v2\/types\/post"}],"author":[{"embeddable":true,"href":"https:\/\/sitetab3.ac-reims.fr\/lyc-bayle\/-wp-\/wp-json\/wp\/v2\/users\/1"}],"replies":[{"embeddable":true,"href":"https:\/\/sitetab3.ac-reims.fr\/lyc-bayle\/-wp-\/wp-json\/wp\/v2\/comments?post=4989"}],"version-history":[{"count":1,"href":"https:\/\/sitetab3.ac-reims.fr\/lyc-bayle\/-wp-\/wp-json\/wp\/v2\/posts\/4989\/revisions"}],"predecessor-version":[{"id":4991,"href":"https:\/\/sitetab3.ac-reims.fr\/lyc-bayle\/-wp-\/wp-json\/wp\/v2\/posts\/4989\/revisions\/4991"}],"wp:attachment":[{"href":"https:\/\/sitetab3.ac-reims.fr\/lyc-bayle\/-wp-\/wp-json\/wp\/v2\/media?parent=4989"}],"wp:term":[{"taxonomy":"category","embeddable":true,"href":"https:\/\/sitetab3.ac-reims.fr\/lyc-bayle\/-wp-\/wp-json\/wp\/v2\/categories?post=4989"},{"taxonomy":"post_tag","embeddable":true,"href":"https:\/\/sitetab3.ac-reims.fr\/lyc-bayle\/-wp-\/wp-json\/wp\/v2\/tags?post=4989"}],"curies":[{"name":"wp","href":"https:\/\/api.w.org\/{rel}","templated":true}]}}