{"id":4992,"date":"2026-03-05T13:09:48","date_gmt":"2026-03-05T12:09:48","guid":{"rendered":"https:\/\/sitetab3.ac-reims.fr\/lyc-bayle\/-wp-\/?p=4992"},"modified":"2026-03-05T13:09:49","modified_gmt":"2026-03-05T12:09:49","slug":"concours-deloquence-du-lions-club-de-charleville-mezieres","status":"publish","type":"post","link":"https:\/\/sitetab3.ac-reims.fr\/lyc-bayle\/-wp-\/concours-deloquence-du-lions-club-de-charleville-mezieres\/","title":{"rendered":"Concours d&rsquo;\u00e9loquence du lions Club de Charleville-M\u00e9zi\u00e8res"},"content":{"rendered":"\n<figure class=\"wp-block-image size-large is-resized\"><img loading=\"lazy\" decoding=\"async\" width=\"718\" height=\"1024\" src=\"https:\/\/sitetab3.ac-reims.fr\/lyc-bayle\/-wp-\/wp-content\/uploads\/Gemini_Generated_Image_5pyei25pyei25pye-718x1024.png\" alt=\"\" class=\"wp-image-4993\" style=\"width:590px;height:auto\" srcset=\"https:\/\/sitetab3.ac-reims.fr\/lyc-bayle\/-wp-\/wp-content\/uploads\/Gemini_Generated_Image_5pyei25pyei25pye-718x1024.png 718w, https:\/\/sitetab3.ac-reims.fr\/lyc-bayle\/-wp-\/wp-content\/uploads\/Gemini_Generated_Image_5pyei25pyei25pye-210x300.png 210w, https:\/\/sitetab3.ac-reims.fr\/lyc-bayle\/-wp-\/wp-content\/uploads\/Gemini_Generated_Image_5pyei25pyei25pye-768x1095.png 768w, https:\/\/sitetab3.ac-reims.fr\/lyc-bayle\/-wp-\/wp-content\/uploads\/Gemini_Generated_Image_5pyei25pyei25pye.png 864w\" sizes=\"(max-width: 718px) 100vw, 718px\" \/><\/figure>\n\n\n\n<p>Ce mercredi 4 mars avait lieu \u00e0 Charleville le concours d&rsquo;\u00e9loquence organis\u00e9 par le Lions Club. Nos trois candidates: Emma Guelasse, Cassandre Mervaille et Elynn Tuney ont brillamment repr\u00e9sent\u00e9 le Lyc\u00e9e. C&rsquo;est une candidate de Charleville qui a remport\u00e9 la premi\u00e8re place apr\u00e8s des d\u00e9lib\u00e9rations difficiles et un r\u00e9sultat tr\u00e8s serr\u00e9 pour classer les candidates. Bravo \u00e0 elles pour leurs tr\u00e8s belles performances!<\/p>\n","protected":false},"excerpt":{"rendered":"<p>Ce mercredi 4 mars avait lieu \u00e0 Charleville le concours d&rsquo;\u00e9loquence organis\u00e9 par le Lions Club. Nos trois candidates: Emma Guelasse, Cassandre Mervaille et Elynn Tuney ont brillamment repr\u00e9sent\u00e9 le Lyc\u00e9e. C&rsquo;est une candidate de Charleville qui a remport\u00e9 la premi\u00e8re place apr\u00e8s des d\u00e9lib\u00e9rations difficiles et un r\u00e9sultat tr\u00e8s serr\u00e9 pour classer les candidates. [&hellip;]<\/p>\n","protected":false},"author":1,"featured_media":0,"comment_status":"closed","ping_status":"open","sticky":false,"template":"","format":"standard","meta":{"ngg_post_thumbnail":0,"footnotes":""},"categories":[3],"tags":[],"_links":{"self":[{"href":"https:\/\/sitetab3.ac-reims.fr\/lyc-bayle\/-wp-\/wp-json\/wp\/v2\/posts\/4992"}],"collection":[{"href":"https:\/\/sitetab3.ac-reims.fr\/lyc-bayle\/-wp-\/wp-json\/wp\/v2\/posts"}],"about":[{"href":"https:\/\/sitetab3.ac-reims.fr\/lyc-bayle\/-wp-\/wp-json\/wp\/v2\/types\/post"}],"author":[{"embeddable":true,"href":"https:\/\/sitetab3.ac-reims.fr\/lyc-bayle\/-wp-\/wp-json\/wp\/v2\/users\/1"}],"replies":[{"embeddable":true,"href":"https:\/\/sitetab3.ac-reims.fr\/lyc-bayle\/-wp-\/wp-json\/wp\/v2\/comments?post=4992"}],"version-history":[{"count":1,"href":"https:\/\/sitetab3.ac-reims.fr\/lyc-bayle\/-wp-\/wp-json\/wp\/v2\/posts\/4992\/revisions"}],"predecessor-version":[{"id":4994,"href":"https:\/\/sitetab3.ac-reims.fr\/lyc-bayle\/-wp-\/wp-json\/wp\/v2\/posts\/4992\/revisions\/4994"}],"wp:attachment":[{"href":"https:\/\/sitetab3.ac-reims.fr\/lyc-bayle\/-wp-\/wp-json\/wp\/v2\/media?parent=4992"}],"wp:term":[{"taxonomy":"category","embeddable":true,"href":"https:\/\/sitetab3.ac-reims.fr\/lyc-bayle\/-wp-\/wp-json\/wp\/v2\/categories?post=4992"},{"taxonomy":"post_tag","embeddable":true,"href":"https:\/\/sitetab3.ac-reims.fr\/lyc-bayle\/-wp-\/wp-json\/wp\/v2\/tags?post=4992"}],"curies":[{"name":"wp","href":"https:\/\/api.w.org\/{rel}","templated":true}]}}