{"id":77,"date":"2012-02-12T19:39:34","date_gmt":"2012-02-12T18:39:34","guid":{"rendered":"http:\/\/sitetab3.ac-reims.fr\/lyc-bayle\/-wp-\/ouverture-internationale\/"},"modified":"2026-04-29T10:51:37","modified_gmt":"2026-04-29T08:51:37","slug":"ouverture-internationale","status":"publish","type":"post","link":"https:\/\/sitetab3.ac-reims.fr\/lyc-bayle\/-wp-\/ouverture-internationale\/","title":{"rendered":"ouverture internationale"},"content":{"rendered":"<p style=\"text-align: justify;\">\n<table style=\"width: 650px;\" border=\"0\" cellpadding=\"8\" align=\"center\">\n<tbody>\n<tr>\n<td style=\"text-align: center; width: 65%; background-color: #ccff99;\" colspan=\"2\" scope=\"col\"><span style=\"color: #9c0707; font-size: 14pt;\"><span style=\"font-family: comic sans ms,sans-serif;\">BTS COMMERCE INTERNATIONAL<\/span><\/span><\/td>\n<\/tr>\n<tr>\n<td style=\"width: 65%; text-align: center;\" colspan=\"2\" scope=\"col\"><span style=\"font-size: 10pt; color: #0000ff;\"><a href=\"http:\/\/sitetab3.ac-reims.fr\/lyc-bayle\/-wp-\/bts-ci-en-allemagne\/\"><span style=\"font-family: comic sans ms, sans-serif; color: #0000ff;\">\u00c9tudiante BTS CI2 en Allemagne <\/span><\/a><\/span> <img loading=\"lazy\" decoding=\"async\" class=\" size-full wp-image-76\" style=\"display: block; margin-left: auto; margin-right: auto;\" src=\"http:\/\/sitetab3.ac-reims.fr\/lyc-bayle\/-wp-\/wp-content\/uploads\/BTS\/2019-2020\/image-allemagne-clemence.gif\" alt=\"image-allemagne-clemence\" width=\"80\" height=\"80\" \/><\/td>\n<\/tr>\n<tr>\n<td style=\"text-align: center; width: 65%; background-color: #ccff99;\" scope=\"col\"><span style=\"font-size: 12pt; font-family: comic sans ms,sans-serif;\"><span style=\"color: #0000ff;\"><a href=\"http:\/\/sitetab3.ac-reims.fr\/lyc-bayle\/-wp-\/partenariats-et-mobilites-en-bts-c-i\/\"><span style=\"color: #0000ff;\">pr\u00e9sentation partenariat et mobilit\u00e9 Espagne<\/span><\/a><\/span><\/span><\/td>\n<td style=\"text-align: center; background-color: #ccffff;\"><span style=\"font-family: comic sans ms,sans-serif; font-size: 12pt;\"><a href=\"https:\/\/www.youtube.com\/watch?v=3q42OvpUGVc&amp;t=51s\"><span style=\"color: #0000ff;\">vid\u00e9o de pr\u00e9sentation 1<\/span>\u00a0 <\/a><\/span><\/td>\n<\/tr>\n<tr>\n<td style=\"text-align: center;\"><span style=\"font-size: 8pt;\">\u00a0<\/span><\/td>\n<td style=\"text-align: center;\"><\/td>\n<\/tr>\n<tr>\n<td style=\"text-align: center; background-color: #ccffff;\"><span style=\"font-family: comic sans ms,sans-serif; font-size: 12pt;\"><a href=\"http:\/\/sitetab3.ac-reims.fr\/lyc-bayle\/-wp-\/ouverture-et-mobilite\/\"><span style=\"color: #0000ff;\">ouverture internationale et mobilit\u00e9 Espagne<\/span><\/a><\/span><\/td>\n<td style=\"text-align: center; background-color: #ccff99;\"><span style=\"font-family: comic sans ms,sans-serif; font-size: 12pt;\"><span style=\"color: #0000ff;\"><a href=\"https:\/\/www.youtube.com\/watch?v=B6R-UJ2nP-k\"><span style=\"color: #0000ff;\">vid\u00e9o de pr\u00e9sentation 2<\/span><\/a><\/span><\/span><\/td>\n<\/tr>\n<tr>\n<td style=\"text-align: center;\"><\/td>\n<td style=\"text-align: center;\"><\/td>\n<\/tr>\n<tr>\n<td style=\"text-align: center; background-color: #ffffcc;\" colspan=\"2\">\n<div><span style=\"font-family: comic sans ms, sans-serif; font-size: 12pt;\">Suivez le partenariat avec l&rsquo;Espagne<\/span><span style=\"font-family: comic sans ms, sans-serif; font-size: 12pt;\"> sur <a href=\"https:\/\/www.facebook.com\/mobilitesedanterrassa\" target=\"_blank\" rel=\"noopener\">Facebook<\/a> et <a href=\"https:\/\/twitter.com\/IntMobility\" target=\"_blank\" rel=\"noopener\">Twitter<\/a> <\/span><\/div>\n<\/td>\n<\/tr>\n<tr>\n<td style=\"text-align: center;\"><\/td>\n<td style=\"text-align: center;\"><\/td>\n<\/tr>\n<tr>\n<td style=\"text-align: center; border: 1px solid #14249f;\" colspan=\"2\"><span style=\"color: #c21414;\"><span style=\"font-family: comic sans ms, sans-serif; font-size: 14pt;\">Prix de la mobilit\u00e9 :<\/span><\/span><\/p>\n<div><span style=\"font-family: comic sans ms, sans-serif; font-size: 10pt;\"><span style=\"color: #444444; font-style: normal; letter-spacing: normal; text-align: center; text-indent: 0px; text-transform: none; white-space: normal; word-spacing: 0px; background-color: #ffffff;\"><span style=\"color: #c21414; font-size: 10pt;\">N\u00faria Liarte<\/span>, \u00e9tudiante d&rsquo;l&rsquo;Institut Montserrat Roig, en mobilit\u00e9 d&rsquo;\u00e9tudes au <strong>lyc\u00e9e Pierre Bayle<\/strong>,<br \/>\na remport\u00e9 le <strong>Netinvet Mobility Prize 2017<\/strong> :<br \/>\n<\/span><\/span><\/div>\n<div><span style=\"font-family: comic sans ms, sans-serif; color: #ff00ff; font-size: 12pt;\"><span style=\"text-align: center; text-indent: 0px; background-color: #ffffff;\">Imagine <\/span><\/span><span style=\"font-family: comic sans ms, sans-serif; font-size: 10pt;\"><span style=\"text-align: center; text-indent: 0px; background-color: #ffffff;\"><span style=\"color: #444444; font-family: comic sans ms, sans-serif;\">: <a href=\"https:\/\/www.youtube.com\/watch?v=WSNoDoDlW7w\" target=\"_blank\" rel=\"noopener\">https:\/\/www.youtube.com\/watch?v=WSNoDoDlW7w<\/a><\/span><br \/>\n<\/span><\/span><\/div>\n<div><span style=\"font-family: comic sans ms, sans-serif; font-size: 10pt;\"><span style=\"text-align: center; text-indent: 0px; background-color: #ffffff;\"><span style=\"color: #444444;\">\u00a0<\/span><\/span><\/span><\/div>\n<div><span style=\"font-family: comic sans ms, sans-serif; font-size: 10pt;\"><span style=\"text-align: center; text-indent: 0px; background-color: #ffffff;\"><span style=\"color: #444444;\"><span style=\"color: #c21414; font-size: 10pt;\">Mireia Carrau<\/span>,\u00a0<span style=\"color: #444444; font-style: normal; font-weight: 400; letter-spacing: normal; text-align: center; text-indent: 0px; text-transform: none; white-space: normal; word-spacing: 0px; background-color: #ffffff; float: none; display: inline;\">\u00e9tudiante d&rsquo;l&rsquo;Institut Montserrat Roig, en mobilit\u00e9 d&rsquo;\u00e9tudes au <strong>lyc\u00e9e Pierre Bayle<\/strong>,<br \/>\na atteint la <strong>deuxi\u00e8me place<\/strong> du\u00a0<span style=\"color: #444444; font-style: normal; font-weight: 400; letter-spacing: normal; text-align: center; text-indent: 0px; text-transform: none; white-space: normal; word-spacing: 0px; background-color: #ffffff; float: none; display: inline;\">Netinvet Mobility Prize 2017<\/span><\/span><\/span><\/span><span style=\"color: #444444; font-style: normal; letter-spacing: normal; text-align: center; text-indent: 0px; text-transform: none; white-space: normal; word-spacing: 0px; background-color: #ffffff;\"><br \/>\n<\/span><\/span><\/div>\n<p><span style=\"font-family: comic sans ms, sans-serif; font-size: 10pt;\"><span style=\"font-family: comic sans ms, sans-serif; color: #ff00ff; font-size: 12pt;\">I&rsquo;m a Traveler <\/span>:\u00a0<a href=\"https:\/\/www.youtube.com\/watch?time_continue=73&amp;v=mFZbngeP4c8\" target=\"_blank\" rel=\"noopener\">https:\/\/www.youtube.com\/watch?time_continue=73&amp;v=mFZbngeP4c8<\/a><\/span><\/td>\n<\/tr>\n<tr>\n<td style=\"text-align: center; border-width: 1px;\" colspan=\"2\"><\/td>\n<\/tr>\n<tr>\n<td style=\"text-align: center;\"><\/td>\n<td style=\"text-align: center;\"><\/td>\n<\/tr>\n<tr>\n<td style=\"text-align: center;\"><\/td>\n<td style=\"text-align: center;\"><\/td>\n<\/tr>\n<\/tbody>\n<\/table>\n","protected":false},"excerpt":{"rendered":"<p>BTS COMMERCE INTERNATIONAL \u00c9tudiante BTS CI2 en Allemagne pr\u00e9sentation partenariat et mobilit\u00e9 Espagne vid\u00e9o de pr\u00e9sentation 1\u00a0 \u00a0 ouverture internationale et mobilit\u00e9 Espagne vid\u00e9o de pr\u00e9sentation 2 Suivez le partenariat avec l&rsquo;Espagne sur Facebook et Twitter Prix de la mobilit\u00e9 : N\u00faria Liarte, \u00e9tudiante d&rsquo;l&rsquo;Institut Montserrat Roig, en mobilit\u00e9 d&rsquo;\u00e9tudes au lyc\u00e9e Pierre Bayle, a [&hellip;]<\/p>\n","protected":false},"author":1,"featured_media":76,"comment_status":"closed","ping_status":"open","sticky":false,"template":"","format":"standard","meta":{"ngg_post_thumbnail":0,"footnotes":""},"categories":[56],"tags":[],"_links":{"self":[{"href":"https:\/\/sitetab3.ac-reims.fr\/lyc-bayle\/-wp-\/wp-json\/wp\/v2\/posts\/77"}],"collection":[{"href":"https:\/\/sitetab3.ac-reims.fr\/lyc-bayle\/-wp-\/wp-json\/wp\/v2\/posts"}],"about":[{"href":"https:\/\/sitetab3.ac-reims.fr\/lyc-bayle\/-wp-\/wp-json\/wp\/v2\/types\/post"}],"author":[{"embeddable":true,"href":"https:\/\/sitetab3.ac-reims.fr\/lyc-bayle\/-wp-\/wp-json\/wp\/v2\/users\/1"}],"replies":[{"embeddable":true,"href":"https:\/\/sitetab3.ac-reims.fr\/lyc-bayle\/-wp-\/wp-json\/wp\/v2\/comments?post=77"}],"version-history":[{"count":3,"href":"https:\/\/sitetab3.ac-reims.fr\/lyc-bayle\/-wp-\/wp-json\/wp\/v2\/posts\/77\/revisions"}],"predecessor-version":[{"id":5115,"href":"https:\/\/sitetab3.ac-reims.fr\/lyc-bayle\/-wp-\/wp-json\/wp\/v2\/posts\/77\/revisions\/5115"}],"wp:featuredmedia":[{"embeddable":true,"href":"https:\/\/sitetab3.ac-reims.fr\/lyc-bayle\/-wp-\/wp-json\/wp\/v2\/media\/76"}],"wp:attachment":[{"href":"https:\/\/sitetab3.ac-reims.fr\/lyc-bayle\/-wp-\/wp-json\/wp\/v2\/media?parent=77"}],"wp:term":[{"taxonomy":"category","embeddable":true,"href":"https:\/\/sitetab3.ac-reims.fr\/lyc-bayle\/-wp-\/wp-json\/wp\/v2\/categories?post=77"},{"taxonomy":"post_tag","embeddable":true,"href":"https:\/\/sitetab3.ac-reims.fr\/lyc-bayle\/-wp-\/wp-json\/wp\/v2\/tags?post=77"}],"curies":[{"name":"wp","href":"https:\/\/api.w.org\/{rel}","templated":true}]}}